{"id":124839,"date":"2025-10-24T17:07:10","date_gmt":"2025-10-24T17:07:10","guid":{"rendered":"https:\/\/www.europesays.com\/pt\/124839\/"},"modified":"2025-10-24T17:07:10","modified_gmt":"2025-10-24T17:07:10","slug":"idade-maxima-aumenta-para-35-anos","status":"publish","type":"post","link":"https:\/\/www.europesays.com\/pt\/124839\/","title":{"rendered":"Idade M\u00e1xima Aumenta para 35 Anos"},"content":{"rendered":"\n<p>&#8220;A ASPP\/PSP, tanto na primeira, como na segunda proposta de altera\u00e7\u00e3o \u00e0 portaria de admiss\u00e3o ao curso de Agentes, deixou bem vincada a sua posi\u00e7\u00e3o, tratam-se de propostas em desespero, meros paliativos de quem n\u00e3o percebe o que se est\u00e1 a passar na PSP. \u00c9 um empurrar para a frente, no que \u00e0 resolu\u00e7\u00e3o dos problemas diz respeito&#8221;, afirma.<\/p>\n<p>Sublinha que <strong>&#8220;a falta de atratividade na PSP \u00e9 estrutural e assenta nos ainda baixos sal\u00e1rios, nas ainda fracas condi\u00e7\u00f5es de trabalho, no desrespeito pelos direitos, na baixa dignifica\u00e7\u00e3o das carreiras<\/strong> e muito importante, na dificuldade de mobilidade interna, que implica que um jovem de Bragan\u00e7a por exemplo,  n\u00e3o veja com bons olhos esperar vinte anos para poder exercer fun\u00e7\u00f5es no local da sua origem&#8221;.<\/p>\n<p>Quanto \u00e0 &#8220;negocia\u00e7\u00e3o&#8221; ou acordo com os sindicatos invocada pelo MAI, Paulo Santos \u00e9 inequ\u00edvoco: &#8220;se o MAI refere concord\u00e2ncia dos sindicatos,  mente, ali\u00e1s a negocia\u00e7\u00e3o foi uma mera ausculta\u00e7\u00e3o&#8221;.  <\/p>\n<p>Ali\u00e1s, completa, &#8220;se o MAI insiste por esta estrat\u00e9gia de alterar por via de idade e altura, \u00e9 uma responsabilidade do MAI e da Dire\u00e7\u00e3o Nacional, mas nunca da ASPP&#8221;.<\/p>\n<p>O <strong>Sindicato Nacional de Oficiais de Pol\u00edcia (SNOP) prop\u00f4s ainda uma extens\u00e3o maior da idade, para os 45 anos<\/strong>, considerando que esta condi\u00e7\u00e3o &#8220;n\u00e3o tem de ser uma condicionante quando a pessoa consegue passar as provas de acesso&#8221;.<\/p>\n<p>&#8220;Foi uma discuss\u00e3o que partiu do minist\u00e9rio, em meados de setembro, para tentar resolver uma quest\u00e3o que n\u00e3o vai resolver por si s\u00f3. Pode, eventualmente, mitigar o problema da falta de candidatos a agentes&#8221;, diz o <strong>presidente Bruno Pereira.<\/strong><\/p>\n<p>Assinala que &#8220;&#8221;quer na PSP, quer na GNR, o n\u00famero de candidatos est\u00e1 em queda livre&#8221; e que o SNOP prop\u00f4s at\u00e9 que &#8220;a idade m\u00e1xima fosse at\u00e9 aos 45 anos para funcion\u00e1rios p\u00fablicos e 40 para a restante popula\u00e7\u00e3o, seguindo, um pouco, os ordenamentos de outros pa\u00edses ocidentais &#8211; <strong>nos Estado Unidos n\u00e3o h\u00e1 limite de idade e noutros estados europeus a idade \u00e9 tamb\u00e9m mais alargada&#8221;<\/strong>.<\/p>\n","protected":false},"excerpt":{"rendered":"&#8220;A ASPP\/PSP, tanto na primeira, como na segunda proposta de altera\u00e7\u00e3o \u00e0 portaria de admiss\u00e3o ao curso de&hellip;\n","protected":false},"author":2,"featured_media":124840,"comment_status":"","ping_status":"","sticky":false,"template":"","format":"standard","meta":{"footnotes":""},"categories":[50],"tags":[28744,28741,28743,27,28,15,16,14,3474,25,26,21,22,5611,3574,62,12,13,19,20,27096,23,24,1717,28742,17,18,29,30,31,63,64,65],"class_list":{"0":"post-124839","1":"post","2":"type-post","3":"status-publish","4":"format-standard","5":"has-post-thumbnail","7":"category-mundo","8":"tag-agentes-da-psp","9":"tag-aspp-psp","10":"tag-associacao-sindical-dos-profissionais-da-policia-aspp-psp","11":"tag-breaking-news","12":"tag-breakingnews","13":"tag-featured-news","14":"tag-featurednews","15":"tag-headlines","16":"tag-idade","17":"tag-latest-news","18":"tag-latestnews","19":"tag-main-news","20":"tag-mainnews","21":"tag-maria-lucia-amaral","22":"tag-ministerio-da-administracao-interna","23":"tag-mundo","24":"tag-news","25":"tag-noticias","26":"tag-noticias-principais","27":"tag-noticiasprincipais","28":"tag-policia-de-seguranca-publica-psp","29":"tag-principais-noticias","30":"tag-principaisnoticias","31":"tag-seguranca","32":"tag-sindicato-nacional-de-oficiais-de-policia-snop","33":"tag-top-stories","34":"tag-topstories","35":"tag-ultimas","36":"tag-ultimas-noticias","37":"tag-ultimasnoticias","38":"tag-world","39":"tag-world-news","40":"tag-worldnews"},"share_on_mastodon":{"url":"","error":"Validation failed: Text character limit of 500 exceeded"},"_links":{"self":[{"href":"https:\/\/www.europesays.com\/pt\/wp-json\/wp\/v2\/posts\/124839","targetHints":{"allow":["GET"]}}],"collection":[{"href":"https:\/\/www.europesays.com\/pt\/wp-json\/wp\/v2\/posts"}],"about":[{"href":"https:\/\/www.europesays.com\/pt\/wp-json\/wp\/v2\/types\/post"}],"author":[{"embeddable":true,"href":"https:\/\/www.europesays.com\/pt\/wp-json\/wp\/v2\/users\/2"}],"replies":[{"embeddable":true,"href":"https:\/\/www.europesays.com\/pt\/wp-json\/wp\/v2\/comments?post=124839"}],"version-history":[{"count":0,"href":"https:\/\/www.europesays.com\/pt\/wp-json\/wp\/v2\/posts\/124839\/revisions"}],"wp:featuredmedia":[{"embeddable":true,"href":"https:\/\/www.europesays.com\/pt\/wp-json\/wp\/v2\/media\/124840"}],"wp:attachment":[{"href":"https:\/\/www.europesays.com\/pt\/wp-json\/wp\/v2\/media?parent=124839"}],"wp:term":[{"taxonomy":"category","embeddable":true,"href":"https:\/\/www.europesays.com\/pt\/wp-json\/wp\/v2\/categories?post=124839"},{"taxonomy":"post_tag","embeddable":true,"href":"https:\/\/www.europesays.com\/pt\/wp-json\/wp\/v2\/tags?post=124839"}],"curies":[{"name":"wp","href":"https:\/\/api.w.org\/{rel}","templated":true}]}}