{"id":124843,"date":"2025-10-24T17:13:09","date_gmt":"2025-10-24T17:13:09","guid":{"rendered":"https:\/\/www.europesays.com\/pt\/124843\/"},"modified":"2025-10-24T17:13:09","modified_gmt":"2025-10-24T17:13:09","slug":"claudio-ramos-faz-revelacao-sobre-a-proxima-gala-do-secret-story-comeca-logo-com-secret-story","status":"publish","type":"post","link":"https:\/\/www.europesays.com\/pt\/124843\/","title":{"rendered":"Cl\u00e1udio Ramos faz revela\u00e7\u00e3o sobre a pr\u00f3xima gala do Secret Story: \u00abCome\u00e7a logo com&#8230;\u00bb &#8211; Secret Story"},"content":{"rendered":"<p data-end=\"787\" data-start=\"537\"><a href=\"https:\/\/tvi.iol.pt\/secretstory\/noticias\/Claudio-Ramos\" target=\"_blank\" rel=\"nofollow noopener\"><strong>Cl\u00e1udio Ramos<\/strong><\/a> fez um an\u00fancio\u00a0sobre a pr\u00f3xima gala do <a href=\"https:\/\/tvi.iol.pt\/secretstory\/\" target=\"_blank\" rel=\"nofollow noopener\"><strong>Secret Story 9<\/strong><\/a> que est\u00e1 a gerar grande expectativa. Em direto no <a href=\"https:\/\/tvi.iol.pt\/doisas10\/\" target=\"_blank\" rel=\"nofollow noopener\"><strong>Dois \u00e0s 10<\/strong><\/a>, o apresentador revelou detalhes sobre a gala do pr\u00f3ximo domingo, que promete emo\u00e7\u00f5es fortes desde o arranque.<\/p>\n<p data-end=\"981\" data-start=\"789\"><strong>\u00abEsta gala \u00e9 especial: come\u00e7a logo com algu\u00e9m em risco\u00bb<\/strong>, revelou Cl\u00e1udio Ramos, levantando a curiosidade dos espectadores sobre o que estar\u00e1 prestes a acontecer na casa mais vigiada do pa\u00eds. Se as noites de domingo j\u00e1 deixam as emo\u00e7\u00f5es \u00e0 flor da pele, a pr\u00f3xima promete ser marcante e memor\u00e1vel.<\/p>\n<p>Veja o v\u00eddeo: <\/p>\n<p data-end=\"981\" data-start=\"789\">A gala do <a href=\"https:\/\/tvi.iol.pt\/secretstory\/\" target=\"_blank\" rel=\"nofollow noopener\"><strong>Secret Story 9<\/strong><\/a> ser\u00e1 transmitida no domingo, em hor\u00e1rio nobre, e promete grandes reviravoltas, decis\u00f5es inesperadas e momentos de pura tens\u00e3o. Com a competi\u00e7\u00e3o a aquecer, a noite promete ser uma das mais intensas desta edi\u00e7\u00e3o.<\/p>\n<p><strong>Esta semana cinco concorrentes est\u00e3o em risco de abandonar a casa mais vigiada do Pa\u00eds. Vote para salvar o seu concorrente favorito:<\/strong><\/p>\n<p><strong>BRUNO \u2013 761 20 20 04<\/strong><\/p>\n<p><strong>IN\u00caS \u2013 761 20 20 10<\/strong><\/p>\n<p><strong>LILIANA \u2013 761 20 20 14<\/strong><\/p>\n<p><strong>MARIANA \u2013 761 20 20 15<\/strong><\/p>\n<p><strong>RUI \u2013 761 20 20 19<\/strong><\/p>\n<p>\u00a0<\/p>\n<p><a href=\"https:\/\/tvi.iol.pt\/secretstory\/aominuto\" wbo-id=\"32\" rel=\"nofollow noopener\" target=\"_blank\">Acompanhe, ao minuto, tudo o que acontece na casa mais vigiada do Pa\u00eds<\/a><\/p>\n","protected":false},"excerpt":{"rendered":"Cl\u00e1udio Ramos fez um an\u00fancio\u00a0sobre a pr\u00f3xima gala do Secret Story 9 que est\u00e1 a gerar grande expectativa.&hellip;\n","protected":false},"author":2,"featured_media":124844,"comment_status":"","ping_status":"","sticky":false,"template":"","format":"standard","meta":{"footnotes":""},"categories":[142],"tags":[8113,2632,329,333,328,335,336,114,115,334,330,1326,338,19019,13,32,33,1315,8174,151,162,19020,227],"class_list":{"0":"post-124843","1":"post","2":"type-post","3":"status-publish","4":"format-standard","5":"has-post-thumbnail","7":"category-tv","8":"tag-alice-alves","9":"tag-casa-dos-segredos","10":"tag-claudio-ramos","11":"tag-comentadores","12":"tag-concorrentes","13":"tag-confrontos","14":"tag-discussoes","15":"tag-entertainment","16":"tag-entretenimento","17":"tag-exclusivos","18":"tag-gala","19":"tag-mafalda-castro","20":"tag-maria-botelho-moniz","21":"tag-marta-cardoso","22":"tag-noticias","23":"tag-portugal","24":"tag-pt","25":"tag-secret-story","26":"tag-segredos","27":"tag-tv","28":"tag-tvi","29":"tag-video-do-dia","30":"tag-videos"},"share_on_mastodon":{"url":"https:\/\/pubeurope.com\/@pt\/115430267655740948","error":""},"_links":{"self":[{"href":"https:\/\/www.europesays.com\/pt\/wp-json\/wp\/v2\/posts\/124843","targetHints":{"allow":["GET"]}}],"collection":[{"href":"https:\/\/www.europesays.com\/pt\/wp-json\/wp\/v2\/posts"}],"about":[{"href":"https:\/\/www.europesays.com\/pt\/wp-json\/wp\/v2\/types\/post"}],"author":[{"embeddable":true,"href":"https:\/\/www.europesays.com\/pt\/wp-json\/wp\/v2\/users\/2"}],"replies":[{"embeddable":true,"href":"https:\/\/www.europesays.com\/pt\/wp-json\/wp\/v2\/comments?post=124843"}],"version-history":[{"count":0,"href":"https:\/\/www.europesays.com\/pt\/wp-json\/wp\/v2\/posts\/124843\/revisions"}],"wp:featuredmedia":[{"embeddable":true,"href":"https:\/\/www.europesays.com\/pt\/wp-json\/wp\/v2\/media\/124844"}],"wp:attachment":[{"href":"https:\/\/www.europesays.com\/pt\/wp-json\/wp\/v2\/media?parent=124843"}],"wp:term":[{"taxonomy":"category","embeddable":true,"href":"https:\/\/www.europesays.com\/pt\/wp-json\/wp\/v2\/categories?post=124843"},{"taxonomy":"post_tag","embeddable":true,"href":"https:\/\/www.europesays.com\/pt\/wp-json\/wp\/v2\/tags?post=124843"}],"curies":[{"name":"wp","href":"https:\/\/api.w.org\/{rel}","templated":true}]}}