{"id":124856,"date":"2025-10-24T17:24:11","date_gmt":"2025-10-24T17:24:11","guid":{"rendered":"https:\/\/www.europesays.com\/pt\/124856\/"},"modified":"2025-10-24T17:24:11","modified_gmt":"2025-10-24T17:24:11","slug":"%c2%93ele-nao-tem-hombridade%c2%94-diz-hugo-gross-sobre-leandro-lima","status":"publish","type":"post","link":"https:\/\/www.europesays.com\/pt\/124856\/","title":{"rendered":"\u0093Ele n\u00e3o tem hombridade\u0094, diz Hugo Gross sobre Leandro Lima"},"content":{"rendered":"<p>O presidente do Sindicato dos Artistas do Rio, Hugo Gross, voltou a falar sobre a pol\u00eamica envolvendo Leandro Lima e a falta do registro profissional de ator, o famoso DRT.<\/p>\n<p>\u00a0<\/p>\n<p>Em conversa com a coluna F\u00e1bia Oliveira, Hugo revelou que Leandro, que esteve em Vale Tudo e agora tamb\u00e9m faz parte do elenco de Tr\u00eas Gra\u00e7as, n\u00e3o possui o DRT necess\u00e1rio para atuar.<\/p>\n<p>\u00a0<\/p>\n<p>Segundo o presidente do Sated-RJ, o artista tem apenas um registro de modelo e um provis\u00f3rio de ator, datado de 2008 e com validade de um ano. Ou seja, o documento estaria vencido desde ent\u00e3o.<\/p>\n<p>\u00a0<\/p>\n<p><strong>O que disse Leandro Lima<\/strong><\/p>\n<p>\u00a0<\/p>\n<p>Ao tomar conhecimento da pol\u00eamica, Leandro Lima declarou que possui o DRT definitivo e afirmou que algum \u201cmau-car\u00e1ter\u201d estaria querendo palco.<\/p>\n<p>\u00a0<\/p>\n<p>\u201cMeu DRT foi emitido em 2008 pelo Minist\u00e9rio do Trabalho, na Para\u00edba. Na \u00e9poca, faziam um provis\u00f3rio at\u00e9 comprovar atividade na \u00e1rea, e o meu definitivo foi emitido por S\u00e3o Paulo. Algum mau-car\u00e1ter deve estar querendo palco\u201d, disse ele ao portal LeoDias.<\/p>\n<p>\u00a0<\/p>\n<p><strong>Hugo Gross rebateu a declara\u00e7\u00e3o<\/strong><\/p>\n<p>\u00a0<\/p>\n<p>Ap\u00f3s o pronunciamento de Leandro Lima, Hugo Gross voltou a se manifestar sobre o assunto. O presidente do Sated refor\u00e7ou, em entrevista \u00e0 coluna, que o ator n\u00e3o possui um registro v\u00e1lido at\u00e9 o momento e destacou que ele participou de Vale Tudo sem o DRT e vem gravando Tr\u00eas Gra\u00e7as tamb\u00e9m sem o documento.<\/p>\n<p>\u00a0<\/p>\n<p>\u201cEle n\u00e3o tem registro [DRT]. Ele tem registro de modelo, que a TV Globo apresentou. E ele n\u00e3o tem culpa, porque a TV Globo chamou e ele trabalhou sem registro, sem ser profissional, na novela Vale Tudo inteira sem registro. Se por acaso aparecer algum registro, esse registro foi dado agora. Manda ele pegar o n\u00famero do registro e provar. A\u00ed voc\u00eas v\u00e3o ver realmente que a verdade \u00e9 soberana\u201d, declarou Hugo Gross.<\/p>\n<p>\u00a0<\/p>\n<p>Gross tamb\u00e9m responsabilizou a TV Globo por ter contratado Leandro Lima para as duas produ\u00e7\u00f5es.<\/p>\n<p>\u00a0<\/p>\n<p><strong>\u201cN\u00e3o teve hombridade\u201d<\/strong><\/p>\n<p>\u00a0<\/p>\n<p>Sobre as declara\u00e7\u00f5es em que Leandro afirmou que algum \u201cmau-car\u00e1ter queria palco\u201d, Hugo rebateu:<\/p>\n<p>\u00a0<\/p>\n<p>\u201cEu entendo que a \u00fanica pessoa que pediu o registro dele durante dez dias [fui eu]. A \u00fanica pessoa mau-car\u00e1ter, subentende-se que sou eu, n\u00e9? Porque eu falei isso. S\u00f3 que ele n\u00e3o falou meu nome. Agora eu dou nome aos bois: ele n\u00e3o teve hombridade de falar a verdade\u201d, disse o presidente do sindicato dos artistas.<\/p>\n<p>\u00a0<\/p>\n<p>Hugo Gross ainda refor\u00e7ou o papel do sindicato na prote\u00e7\u00e3o do exerc\u00edcio legal da profiss\u00e3o e desabafou sobre as falas do ator.<\/p>\n<p>\u00a0<\/p>\n<p><strong>Fonte: <a href=\"https:\/\/www.metropoles.com\/colunas\/fabia-oliveira\/ele-nao-tem-hombridade-diz-hugro-gross-sobre-leandro-lima\" target=\"_blank\" rel=\"noopener noreferrer nofollow\">https:\/\/www.metropoles.com\/colunas\/fabia-oliveira\/ele-nao-tem-hombridade-diz-hugro-gross-sobre-leandro-lima<\/a><\/strong><\/p>\n","protected":false},"excerpt":{"rendered":"O presidente do Sindicato dos Artistas do Rio, Hugo Gross, voltou a falar sobre a pol\u00eamica envolvendo Leandro&hellip;\n","protected":false},"author":2,"featured_media":124857,"comment_status":"","ping_status":"","sticky":false,"template":"","format":"standard","meta":{"footnotes":""},"categories":[145],"tags":[211,210,114,115,3724,3723,32,33,3725],"class_list":{"0":"post-124856","1":"post","2":"type-post","3":"status-publish","4":"format-standard","5":"has-post-thumbnail","7":"category-celebridades","8":"tag-celebridades","9":"tag-celebrities","10":"tag-entertainment","11":"tag-entretenimento","12":"tag-noticias-da-capital","13":"tag-noticias-de-cuiaba","14":"tag-portugal","15":"tag-pt","16":"tag-urgente-cuiaba"},"share_on_mastodon":{"url":"https:\/\/pubeurope.com\/@pt\/115430310726422191","error":""},"_links":{"self":[{"href":"https:\/\/www.europesays.com\/pt\/wp-json\/wp\/v2\/posts\/124856","targetHints":{"allow":["GET"]}}],"collection":[{"href":"https:\/\/www.europesays.com\/pt\/wp-json\/wp\/v2\/posts"}],"about":[{"href":"https:\/\/www.europesays.com\/pt\/wp-json\/wp\/v2\/types\/post"}],"author":[{"embeddable":true,"href":"https:\/\/www.europesays.com\/pt\/wp-json\/wp\/v2\/users\/2"}],"replies":[{"embeddable":true,"href":"https:\/\/www.europesays.com\/pt\/wp-json\/wp\/v2\/comments?post=124856"}],"version-history":[{"count":0,"href":"https:\/\/www.europesays.com\/pt\/wp-json\/wp\/v2\/posts\/124856\/revisions"}],"wp:featuredmedia":[{"embeddable":true,"href":"https:\/\/www.europesays.com\/pt\/wp-json\/wp\/v2\/media\/124857"}],"wp:attachment":[{"href":"https:\/\/www.europesays.com\/pt\/wp-json\/wp\/v2\/media?parent=124856"}],"wp:term":[{"taxonomy":"category","embeddable":true,"href":"https:\/\/www.europesays.com\/pt\/wp-json\/wp\/v2\/categories?post=124856"},{"taxonomy":"post_tag","embeddable":true,"href":"https:\/\/www.europesays.com\/pt\/wp-json\/wp\/v2\/tags?post=124856"}],"curies":[{"name":"wp","href":"https:\/\/api.w.org\/{rel}","templated":true}]}}