{"id":124860,"date":"2025-10-24T17:30:22","date_gmt":"2025-10-24T17:30:22","guid":{"rendered":"https:\/\/www.europesays.com\/pt\/124860\/"},"modified":"2025-10-24T17:30:22","modified_gmt":"2025-10-24T17:30:22","slug":"empregada-domestica-de-casillas-rouba-relogios-no-valor-de-200-mil-euros","status":"publish","type":"post","link":"https:\/\/www.europesays.com\/pt\/124860\/","title":{"rendered":"Empregada dom\u00e9stica de Casillas rouba rel\u00f3gios no valor de 200 mil euros"},"content":{"rendered":"<p data-remotead-prev-elm=\"true\" data-remotead-elm-id=\"inread\">A Pol\u00edcia Nacional espanhola deteve a empregada dom\u00e9stica de Iker Casillas e o seu marido, que trabalhava no servi\u00e7o de vigil\u00e2ncia do condom\u00ednio, na sequ\u00eancia do roubo de cinco rel\u00f3gios de luxo, avaliados em mais de 200 mil euros, tendo sido recuperadas duas das pe\u00e7as furtadas.<\/p>\n<p>Segundo avan\u00e7am v\u00e1rios jornais espanh\u00f3is, a queixa foi apresentada no dia 16 de outubro e as deten\u00e7\u00f5es ocorreram na ter\u00e7a-feira passada, dia 21, depois de uma tentativa dos suspeitos abandonarem o pa\u00eds de forma iminente.<\/p>\n<p>A investiga\u00e7\u00e3o prossegue, j\u00e1 que ainda n\u00e3o se sabe o paradeiro dos outros tr\u00eas rel\u00f3gios que ainda n\u00e3o foram recuperados.<\/p>\n","protected":false},"excerpt":{"rendered":"A Pol\u00edcia Nacional espanhola deteve a empregada dom\u00e9stica de Iker Casillas e o seu marido, que trabalhava no&hellip;\n","protected":false},"author":2,"featured_media":124861,"comment_status":"","ping_status":"","sticky":false,"template":"","format":"standard","meta":{"footnotes":""},"categories":[87],"tags":[135,640,24363,28745,32,33,134],"class_list":{"0":"post-124860","1":"post","2":"type-post","3":"status-publish","4":"format-standard","5":"has-post-thumbnail","7":"category-desporto","8":"tag-desporto","9":"tag-espanha","10":"tag-furto","11":"tag-iker-casillas","12":"tag-portugal","13":"tag-pt","14":"tag-sports"},"share_on_mastodon":{"url":"https:\/\/pubeurope.com\/@pt\/115430334424382420","error":""},"_links":{"self":[{"href":"https:\/\/www.europesays.com\/pt\/wp-json\/wp\/v2\/posts\/124860","targetHints":{"allow":["GET"]}}],"collection":[{"href":"https:\/\/www.europesays.com\/pt\/wp-json\/wp\/v2\/posts"}],"about":[{"href":"https:\/\/www.europesays.com\/pt\/wp-json\/wp\/v2\/types\/post"}],"author":[{"embeddable":true,"href":"https:\/\/www.europesays.com\/pt\/wp-json\/wp\/v2\/users\/2"}],"replies":[{"embeddable":true,"href":"https:\/\/www.europesays.com\/pt\/wp-json\/wp\/v2\/comments?post=124860"}],"version-history":[{"count":0,"href":"https:\/\/www.europesays.com\/pt\/wp-json\/wp\/v2\/posts\/124860\/revisions"}],"wp:featuredmedia":[{"embeddable":true,"href":"https:\/\/www.europesays.com\/pt\/wp-json\/wp\/v2\/media\/124861"}],"wp:attachment":[{"href":"https:\/\/www.europesays.com\/pt\/wp-json\/wp\/v2\/media?parent=124860"}],"wp:term":[{"taxonomy":"category","embeddable":true,"href":"https:\/\/www.europesays.com\/pt\/wp-json\/wp\/v2\/categories?post=124860"},{"taxonomy":"post_tag","embeddable":true,"href":"https:\/\/www.europesays.com\/pt\/wp-json\/wp\/v2\/tags?post=124860"}],"curies":[{"name":"wp","href":"https:\/\/api.w.org\/{rel}","templated":true}]}}