{"id":124878,"date":"2025-10-24T17:48:13","date_gmt":"2025-10-24T17:48:13","guid":{"rendered":"https:\/\/www.europesays.com\/pt\/124878\/"},"modified":"2025-10-24T17:48:13","modified_gmt":"2025-10-24T17:48:13","slug":"este-modo-de-conducao-pode-reduzir-tanto-co2-quanto-o-emitido-por-paises-como-israel","status":"publish","type":"post","link":"https:\/\/www.europesays.com\/pt\/124878\/","title":{"rendered":"Este modo de condu\u00e7\u00e3o pode reduzir tanto CO2 quanto o emitido por pa\u00edses como Israel"},"content":{"rendered":"<p>No centro do debate da ind\u00fastria autom\u00f3vel e da gest\u00e3o do tr\u00e1fego h\u00e1 largos anos, a responsabilidade em rela\u00e7\u00e3o a uma condu\u00e7\u00e3o mais sustent\u00e1vel n\u00e3o recai apenas nas fabricantes, uma vez que os condutores t\u00eam, tamb\u00e9m, um papel importante. Neste sentido, um novo estudo descobriu um modo de condu\u00e7\u00e3o que pode reduzir tanto CO2 quanto o emitido por pa\u00edses como Israel.<\/p>\n<p><a target=\"_blank\" href=\"https:\/\/pplware.sapo.pt\/wp-content\/uploads\/2025\/10\/carro_conduzir_ecra_headup_display.jpg\" onclick=\"refreshIframe()\" class=\"foobox\" rel=\"nofollow noopener\"><img fetchpriority=\"high\" decoding=\"async\" src=\"https:\/\/www.europesays.com\/pt\/wp-content\/uploads\/2025\/10\/carro_conduzir_ecra_headup_display-720x405.jpg\" alt=\"Carro com head-up display\" width=\"720\" height=\"405\" class=\"aligncenter size-medium wp-image-1084859\"  \/><\/a>\n<\/p>\n<p>Com estradas saturadas de carros, globalmente, h\u00e1 muito que a sustentabilidade e a luta contra as altera\u00e7\u00f5es clim\u00e1ticas est\u00e3o no centro do debate da ind\u00fastria autom\u00f3vel e da gest\u00e3o do tr\u00e1fego.<\/p>\n<p>Neste cen\u00e1rio, a responsabilidade n\u00e3o recai apenas sobre as fabricantes, mas largamente sobre os condutores, que podem fazer uma grande diferen\u00e7a quando se trata de poupar energia e emiss\u00f5es.<\/p>\n<p>Para ajudar ambas as partes na otimiza\u00e7\u00e3o dos recursos, a tecnologia pode ser um parceiro crucial, conforme descobriu um estudo recente.<\/p>\n<p><a target=\"_blank\" href=\"https:\/\/pplware.sapo.pt\/wp-content\/uploads\/2025\/10\/holograma_carro_conducao.jpg\" onclick=\"refreshIframe()\" class=\"foobox\" rel=\"nofollow noopener\"><img loading=\"lazy\" decoding=\"async\" src=\"https:\/\/www.europesays.com\/pt\/wp-content\/uploads\/2025\/10\/holograma_carro_conducao-720x405.jpg\" alt=\"Holograma de um carro, com especifica\u00e7\u00f5es tecnol\u00f3gicas\" width=\"720\" height=\"405\" class=\"aligncenter size-medium wp-image-1084858\"  \/><\/a><\/p>\n<p>Revolu\u00e7\u00e3o verde pode ser digital e n\u00e3o apenas el\u00e9trica<\/p>\n<p>A tecnologia nada mais \u00e9 do que condu\u00e7\u00e3o ecol\u00f3gica assistida por Intelig\u00eancia Artificial (IA): al\u00e9m de prometer viagens mais eficientes, pode basear-se em dados cient\u00edficos, resultando numa redu\u00e7\u00e3o anual das emiss\u00f5es de di\u00f3xido de carbono (<a target=\"_blank\" href=\"https:\/\/pplware.sapo.pt\/tag\/emissoes-co2\/\" rel=\"nofollow noopener\">CO2<\/a>) compar\u00e1vel \u00e0s de um pa\u00eds inteiro como Israel.<\/p>\n<p>Os sistemas de condu\u00e7\u00e3o ecol\u00f3gica assistidos por IA utilizam algoritmos avan\u00e7ados para monitorizar e prever em tempo real aspetos-chave como a inclina\u00e7\u00e3o da estrada, o tr\u00e1fego, a velocidade ideal e at\u00e9 mesmo o peso do ve\u00edculo.<\/p>\n<p>Desta forma, h\u00e1 tr\u00eas elementos com grande impacto na poupan\u00e7a de energia que podem ser ajustados, de forma quase impercet\u00edvel para o condutor:<\/p>\n<ul>\n<li>Acelera\u00e7\u00e3o;<\/li>\n<li>Travagem;<\/li>\n<li>Marcha.<\/li>\n<\/ul>\n<p>Se 60% dos carros das grandes cidades adotassem tecnologias de condu\u00e7\u00e3o ecol\u00f3gica inteligente, a pegada de carbono urbana poderia ser reduzida em mais de 70 milh\u00f5es de toneladas por ano, segundo as estimativas do estudo.<\/p>\n<p><a target=\"_blank\" href=\"https:\/\/pplware.sapo.pt\/wp-content\/uploads\/2025\/10\/ecra_carro_inteligencia_artificial_conducao.jpg\" onclick=\"refreshIframe()\" class=\"foobox\" rel=\"nofollow noopener\"><img loading=\"lazy\" decoding=\"async\" src=\"https:\/\/www.europesays.com\/pt\/wp-content\/uploads\/2025\/10\/ecra_carro_inteligencia_artificial_conducao-720x405.jpg\" alt=\"Ecr\u00e3 transparente a mostrar um carro, em tons de azul n\u00e9on, e especifica\u00e7\u00f5es\" width=\"720\" height=\"405\" class=\"aligncenter size-medium wp-image-1084857\"  \/><\/a><\/p>\n<blockquote>\n<p>No geral, descobrimos que os trajetos dos ve\u00edculos otimizados para emiss\u00f5es podem reduzir as emiss\u00f5es de carbono nos cruzamentos da cidade em 11% a 22%, sem prejudicar o rendimento ou a seguran\u00e7a e, com suposi\u00e7\u00f5es razo\u00e1veis, equivalentes \u00e0s emiss\u00f5es nacionais de Israel e Nig\u00e9ria, respetivamente.<\/p>\n<\/blockquote>\n<p>Escreveram os autores, no <a target=\"_blank\" href=\"https:\/\/www.sciencedirect.com\/science\/article\/abs\/pii\/S0968090X25001500\" rel=\"nofollow noopener\">estudo<\/a>, explicando que perceberam, al\u00e9m disso, que &#8220;a ado\u00e7\u00e3o de 10% da condu\u00e7\u00e3o ecol\u00f3gica resulta em 25% a 50% da redu\u00e7\u00e3o total&#8221;.<\/p>\n<p>O estudo aponta que a chave para a evolu\u00e7\u00e3o est\u00e1 no machine learning multitarefa, ou seja, os modelos de IA prev\u00eaem e gerem simultaneamente as condi\u00e7\u00f5es de tr\u00e1fego, o clima e os h\u00e1bitos individuais do motorista, personalizando as recomenda\u00e7\u00f5es em tempo real.<\/p>\n<p>Mais do que isso, as simula\u00e7\u00f5es recolhidas no estudo mostram que a redu\u00e7\u00e3o das emiss\u00f5es atinge n\u00edveis nunca vistos com medidas tecnol\u00f3gicas anteriores em ambientes urbanos.<\/p>\n<p>Baseada na an\u00e1lise massiva de dados e na adaptabilidade da condu\u00e7\u00e3o, esta abordagem torna a condu\u00e7\u00e3o ecol\u00f3gica automatizada uma das pol\u00edticas mais eficazes contra a polui\u00e7\u00e3o, de acordo com os investigadores.<\/p>\n<p>\u00a0<\/p>\n<p><strong>Leia tamb\u00e9m:<\/strong><\/p>\n","protected":false},"excerpt":{"rendered":"No centro do debate da ind\u00fastria autom\u00f3vel e da gest\u00e3o do tr\u00e1fego h\u00e1 largos anos, a responsabilidade em&hellip;\n","protected":false},"author":2,"featured_media":124879,"comment_status":"","ping_status":"","sticky":false,"template":"","format":"standard","meta":{"footnotes":""},"categories":[83],"tags":[88,11573,89,28748,90,28749,32,33],"class_list":{"0":"post-124878","1":"post","2":"type-post","3":"status-publish","4":"format-standard","5":"has-post-thumbnail","7":"category-empresas","8":"tag-business","9":"tag-conducao","10":"tag-economy","11":"tag-emissoes-co2","12":"tag-empresas","13":"tag-modo-conducao","14":"tag-portugal","15":"tag-pt"},"share_on_mastodon":{"url":"https:\/\/pubeurope.com\/@pt\/115430405326801612","error":""},"_links":{"self":[{"href":"https:\/\/www.europesays.com\/pt\/wp-json\/wp\/v2\/posts\/124878","targetHints":{"allow":["GET"]}}],"collection":[{"href":"https:\/\/www.europesays.com\/pt\/wp-json\/wp\/v2\/posts"}],"about":[{"href":"https:\/\/www.europesays.com\/pt\/wp-json\/wp\/v2\/types\/post"}],"author":[{"embeddable":true,"href":"https:\/\/www.europesays.com\/pt\/wp-json\/wp\/v2\/users\/2"}],"replies":[{"embeddable":true,"href":"https:\/\/www.europesays.com\/pt\/wp-json\/wp\/v2\/comments?post=124878"}],"version-history":[{"count":0,"href":"https:\/\/www.europesays.com\/pt\/wp-json\/wp\/v2\/posts\/124878\/revisions"}],"wp:featuredmedia":[{"embeddable":true,"href":"https:\/\/www.europesays.com\/pt\/wp-json\/wp\/v2\/media\/124879"}],"wp:attachment":[{"href":"https:\/\/www.europesays.com\/pt\/wp-json\/wp\/v2\/media?parent=124878"}],"wp:term":[{"taxonomy":"category","embeddable":true,"href":"https:\/\/www.europesays.com\/pt\/wp-json\/wp\/v2\/categories?post=124878"},{"taxonomy":"post_tag","embeddable":true,"href":"https:\/\/www.europesays.com\/pt\/wp-json\/wp\/v2\/tags?post=124878"}],"curies":[{"name":"wp","href":"https:\/\/api.w.org\/{rel}","templated":true}]}}