{"id":124906,"date":"2025-10-24T18:14:10","date_gmt":"2025-10-24T18:14:10","guid":{"rendered":"https:\/\/www.europesays.com\/pt\/124906\/"},"modified":"2025-10-24T18:14:10","modified_gmt":"2025-10-24T18:14:10","slug":"reabilitacao-apos-avc-cuidado-multidisciplinar-do-hgwa-transforma-vidas-2","status":"publish","type":"post","link":"https:\/\/www.europesays.com\/pt\/124906\/","title":{"rendered":"Reabilita\u00e7\u00e3o ap\u00f3s AVC: cuidado multidisciplinar do HGWA transforma vidas"},"content":{"rendered":"<p class=\"sl-content-block sl-paragraph\">O Acidente Vascular Cerebral (AVC) \u00e9 uma das principais causas de incapacidade no mundo, exigindo um processo de reabilita\u00e7\u00e3o cuidadoso e cont\u00ednuo. No Cear\u00e1, o Hospital Geral Waldemar Alc\u00e2ntara (HGWA), unidade da Secretaria da Sa\u00fade do Cear\u00e1 (Sesa), \u00e9 refer\u00eancia nesse tipo de atendimento. Com 33 leitos dedicados \u00e0 reabilita\u00e7\u00e3o de pacientes acometidos por AVC, o hospital conta com uma equipe multiprofissional que atua de forma integrada, formada por m\u00e9dicos, enfermeiros, fisioterapeutas, fonoaudi\u00f3logos, farmac\u00eautico cl\u00ednico, terapeutas ocupacionais, psic\u00f3logos, nutricionistas e assistentes sociais, para oferecer um cuidado completo e humanizado aos pacientes em recupera\u00e7\u00e3o.<\/p>\n<p class=\"sl-content-block sl-paragraph\">Embora n\u00e3o seja um hospital de emerg\u00eancia, o HGWA recebe pacientes encaminhados pela Central de Regula\u00e7\u00e3o do Estado, dando continuidade ao tratamento ap\u00f3s a fase aguda do AVC. \u00c9 nesse ambiente de acolhimento e reabilita\u00e7\u00e3o que hist\u00f3rias de supera\u00e7\u00e3o ganham novo significado.<\/p>\n<p class=\"sl-content-block sl-paragraph\">No dia 3 de outubro, o caminhoneiro Leandro Marins, de 43 anos, vivenciou um dos momentos mais dif\u00edceis de sua vida. Enquanto descansava dentro do caminh\u00e3o, em Caucaia, conversando com a esposa por chamada de v\u00eddeo, ele come\u00e7ou a se engasgar e perdeu os sentidos. \u201cLembro vagamente. Estava na rede, dentro do caminh\u00e3o. Fui tomar uma \u00e1gua, a cabe\u00e7a rodou e o telefone caiu. Depois disso, s\u00f3 lembro de acordar no hospital\u201d, relata Leandro, que mora no Rio de Janeiro e estava no Cear\u00e1 a trabalho.<\/p>\n<p><img decoding=\"async\" class=\"sl-content-block sl-image css-11bzj3q e1peqb7a0\" src=\"https:\/\/www.europesays.com\/pt\/wp-content\/uploads\/2025\/10\/avc-reabilitacao-hgwa-2png-db9c8rduw0.png\" alt=\"\" \/><\/p>\n<p class=\"sl-content-block sl-paragraph\">O motorista foi levado ao Hospital Geral de Fortaleza (HGF), onde recebeu o diagn\u00f3stico de Acidente Vascular Cerebral (AVC) e passou por uma craniotomia, ficando 14 dias entubado. Ap\u00f3s estabiliza\u00e7\u00e3o, foi transferido para o HGWA, onde iniciou o processo de reabilita\u00e7\u00e3o com apoio da equipe multidisciplinar. \u201cDescobri que tinha sido um AVC. Agora tenho que me cuidar e vou. A sa\u00fade do Cear\u00e1 \u00e9 nota dez\u201d, conta emocionado.<\/p>\n<p class=\"sl-content-block sl-paragraph\">A esposa dele, Let\u00edcia de Oliveira, que veio do RJ para acompanh\u00e1-lo, diz que a experi\u00eancia foi um grande susto, mas tamb\u00e9m um aprendizado. \u201cSempre fiquei de olho na sa\u00fade dele, mas ele n\u00e3o queria colaborar. Agora ele vai ter que se cuidar\u201d, afirma.<\/p>\n<p class=\"sl-content-block sl-paragraph\">Equipe em prol da reabilita\u00e7\u00e3o<\/p>\n<p class=\"sl-content-block sl-paragraph\">A Unidade de AVC do HGWA \u00e9 um espa\u00e7o voltado \u00e0 recupera\u00e7\u00e3o funcional e emocional de pessoas que sofreram les\u00f5es neurol\u00f3gicas. O principal objetivo \u00e9 restaurar a autonomia do paciente e garantir melhor qualidade de vida, sempre com aten\u00e7\u00e3o integral \u00e0s necessidades f\u00edsicas, cognitivas e emocionais. A recupera\u00e7\u00e3o de pacientes com AVC \u00e9 acompanhada de perto por profissionais de diferentes \u00e1reas. Cada um atua em um aspecto essencial do processo de reabilita\u00e7\u00e3o, tornando o cuidado verdadeiramente integral.<\/p>\n<p class=\"sl-content-block sl-paragraph\">A psic\u00f3loga Lorenna Carvalho destaca o impacto emocional do AVC nos pacientes. \u201cEles chegam muito fragilizados, com medo e ang\u00fastia, especialmente quando t\u00eam dificuldade de se comunicar. Por isso, usamos outros meios, como gestos, placas e imagens, para que se expressem. Fazemos escuta qualificada e acompanhamento frequente, inclusive mais de uma vez por semana quando necess\u00e1rio.\u201d<\/p>\n<p class=\"sl-content-block sl-paragraph\">O terapeuta ocupacional F\u00e1bio Henrique do Amaral explica que o objetivo \u00e9 ajudar o paciente a retomar o m\u00e1ximo poss\u00edvel de sua funcionalidade. \u201cRealizo a avalia\u00e7\u00e3o funcional e trabalho para que o paciente volte a fazer o b\u00e1sico do dia a dia, dentro de suas limita\u00e7\u00f5es. Nossa meta \u00e9 a independ\u00eancia, mesmo que parcial.\u201d<\/p>\n<p><img decoding=\"async\" class=\"sl-content-block sl-image css-11bzj3q e1peqb7a0\" src=\"https:\/\/www.europesays.com\/pt\/wp-content\/uploads\/2025\/10\/avc-reabilitacao-hgwa-1png-ok58yvfoey.png\" alt=\"\" \/><\/p>\n<p class=\"sl-content-block sl-paragraph\">J\u00e1 a fonoaudi\u00f3loga Mayara Castro atua com pacientes que apresentam dificuldades para engolir ou falar, tamb\u00e9m promovendo o retorno da alimenta\u00e7\u00e3o em sua totalidade. \u201cMuitos precisam de sonda para se alimentar. Nosso trabalho \u00e9 fazer com que voltem a se alimentar e beber com seguran\u00e7a, evitando complica\u00e7\u00f5es como broncoaspira\u00e7\u00e3o ou infec\u00e7\u00f5es. Tamb\u00e9m trabalhamos os aspectos da fala e da linguagem, buscando recuperar ou adaptar novas formas de comunica\u00e7\u00e3o.\u201d<\/p>\n<p class=\"sl-content-block sl-paragraph\">A fisioterapeuta Maira Jane refor\u00e7a a import\u00e2ncia da reabilita\u00e7\u00e3o f\u00edsica precoce. \u201cAvaliamos a mobilidade, o equil\u00edbrio e a for\u00e7a muscular do paciente. Nosso objetivo \u00e9 fazer com que ele volte a ficar de p\u00e9 e, progressivamente, a andar novamente, com o uso de acess\u00f3rios e apoio da equipe. \u00c9 um trabalho conjunto, onde cada avan\u00e7o \u00e9 celebrado.\u201d<\/p>\n<p class=\"sl-content-block sl-paragraph\">Preven\u00e7\u00e3o<\/p>\n<p class=\"sl-content-block sl-paragraph\">A m\u00e9dica neurologista do HGWA, Joyce Benevides, explica que o tratamento do AVC tem dois pilares: identificar a causa e iniciar a reabilita\u00e7\u00e3o quanto antes. Ela explica que quanto mais precoce e intensa for a reabilita\u00e7\u00e3o, maiores as chances de o paciente recuperar a funcionalidade. \u201cCada caso \u00e9 \u00fanico, mas o acompanhamento multiprofissional faz toda a diferen\u00e7a. Os principais fatores de risco s\u00e3o hipertens\u00e3o, diabetes, colesterol alto, sobrepeso e tabagismo. Manter h\u00e1bitos saud\u00e1veis, controlar a press\u00e3o arterial e ter acompanhamento m\u00e9dico regular s\u00e3o medidas essenciais.\u201d<\/p>\n<p class=\"sl-content-block sl-paragraph\">A neurologista diz que existe um perfil mais comum de pacientes acometidos por AVC, em sua maioria s\u00e3o pessoas acima dos 65 anos, com comorbidades relacionadas ao AVC, hipertens\u00e3o, diabetes sem controle, colesterol alto, sobrepeso. Tamb\u00e9m pessoas que fumam t\u00eam o risco mais alto, assim como pessoas mais velhas. \u00c9 importante tamb\u00e9m ficar atento aos sinais. \u201cOs principais sintomas do AVC s\u00e3o altera\u00e7\u00f5es abruptas, s\u00fabitas, de for\u00e7a, de falar ou do movimento da face. No aparecimento de qualquer um desses sintomas a pessoa deve procurar uma emerg\u00eancia m\u00e9dica para evitar complica\u00e7\u00f5es e que a recupera\u00e7\u00e3o seja a melhor poss\u00edvel\u201d, recomenda.<\/p>\n","protected":false},"excerpt":{"rendered":"O Acidente Vascular Cerebral (AVC) \u00e9 uma das principais causas de incapacidade no mundo, exigindo um processo de&hellip;\n","protected":false},"author":2,"featured_media":124907,"comment_status":"","ping_status":"","sticky":false,"template":"","format":"standard","meta":{"footnotes":""},"categories":[86],"tags":[6551,116,6550,32,6552,33,117],"class_list":{"0":"post-124906","1":"post","2":"type-post","3":"status-publish","4":"format-standard","5":"has-post-thumbnail","7":"category-saude","8":"tag-esg","9":"tag-health","10":"tag-isgh","11":"tag-portugal","12":"tag-primilab","13":"tag-pt","14":"tag-saude"},"share_on_mastodon":{"url":"https:\/\/pubeurope.com\/@pt\/115430507620922414","error":""},"_links":{"self":[{"href":"https:\/\/www.europesays.com\/pt\/wp-json\/wp\/v2\/posts\/124906","targetHints":{"allow":["GET"]}}],"collection":[{"href":"https:\/\/www.europesays.com\/pt\/wp-json\/wp\/v2\/posts"}],"about":[{"href":"https:\/\/www.europesays.com\/pt\/wp-json\/wp\/v2\/types\/post"}],"author":[{"embeddable":true,"href":"https:\/\/www.europesays.com\/pt\/wp-json\/wp\/v2\/users\/2"}],"replies":[{"embeddable":true,"href":"https:\/\/www.europesays.com\/pt\/wp-json\/wp\/v2\/comments?post=124906"}],"version-history":[{"count":0,"href":"https:\/\/www.europesays.com\/pt\/wp-json\/wp\/v2\/posts\/124906\/revisions"}],"wp:featuredmedia":[{"embeddable":true,"href":"https:\/\/www.europesays.com\/pt\/wp-json\/wp\/v2\/media\/124907"}],"wp:attachment":[{"href":"https:\/\/www.europesays.com\/pt\/wp-json\/wp\/v2\/media?parent=124906"}],"wp:term":[{"taxonomy":"category","embeddable":true,"href":"https:\/\/www.europesays.com\/pt\/wp-json\/wp\/v2\/categories?post=124906"},{"taxonomy":"post_tag","embeddable":true,"href":"https:\/\/www.europesays.com\/pt\/wp-json\/wp\/v2\/tags?post=124906"}],"curies":[{"name":"wp","href":"https:\/\/api.w.org\/{rel}","templated":true}]}}