{"id":124918,"date":"2025-10-24T18:24:11","date_gmt":"2025-10-24T18:24:11","guid":{"rendered":"https:\/\/www.europesays.com\/pt\/124918\/"},"modified":"2025-10-24T18:24:11","modified_gmt":"2025-10-24T18:24:11","slug":"sem-papas-na-lingua-ana-arrasa-pedro-em-plena-dinamica-nao-tens-argumentos-tvi","status":"publish","type":"post","link":"https:\/\/www.europesays.com\/pt\/124918\/","title":{"rendered":"Sem papas na l\u00edngua. Ana arrasa Pedro em plena din\u00e2mica: \u00abN\u00e3o tens argumentos\u00bb &#8211; TVI"},"content":{"rendered":"<ol>\n<li><a href=\"https:\/\/news.google.com\/rss\/articles\/CBMi0wFBVV95cUxNRXZ4aFE5N043aXh6d3dHY0pickFRazR6VmtoN0o0RmJNd0hlSmN3cnVrTndCOHFPOGt5MlIzSHRXbXZzbnBta2xUMDNocmY4NXlCTklNN2RTckJxZFc1eHJuanNXcC1PNl9wamxoZm1lM25zWVduVUxsQVV4aUd2N3NtX1NyRDhKYVRQXy15VWhaVmM4VGs4SmdoNkU5Q3h4NEtuWnBBb1REMGNzd0duTHVpTFU3dmFfMkduRlkxN2MzUG5WUHJlNnRaQ0R0T3Zjc1NR?oc=5\" target=\"_blank\" rel=\"nofollow noopener\">Sem papas na l\u00edngua. Ana arrasa Pedro em plena din\u00e2mica: \u00abN\u00e3o tens argumentos\u00bb<\/a>&nbsp;&nbsp;TVI<\/li>\n<li><a href=\"https:\/\/news.google.com\/rss\/articles\/CBMixwFBVV95cUxNSDF5cERqLWRvNTR1RFpSMDQ0YmU1eUNsZkhvSno3VU9vZXVUOUQ2N081ZGdpRmxMb3dwZVZzNnhZbDBwRHZJZjZyV2pRV2FQYXZZQnktelhtYjEzRkdxLUxHLTVFaFR3UjlQUXhla3QxUjNwTkNvTkhVWmdoYXBjM3lhbksyTW1vbG1qS0doUVpSMkwxTTlWNG9NMUpYMV9jaE5BYjhycFMxWVQ2NjNkR1FmS3lmYVNvRGtjU1ZaZHN3VnBZUC04?oc=5\" target=\"_blank\" rel=\"nofollow noopener\">Mais c\u00famplices que nunca: In\u00eas e Dylan imploram \u00e0 Voz um \u00ablanchinho\u00bb<\/a>&nbsp;&nbsp;TVI<\/li>\n<li><a href=\"https:\/\/news.google.com\/rss\/articles\/CBMikgFBVV95cUxNM0hUMEFMS2NYNDA5NjVDM0luVWY4bmZtWEJ4eGowcl9NLThKdGNzSm1IRGZpbVFhb191aHo5WkVSRlE3UFhWbTQybllOYzBHWERzX2pFa3NibmhzakRKVHdORGc4bHkwcVh1T25scnZkWWN5QWJWVGZnWUFaXzhmNzJuRWN0ZFRaQ2tvbEpOaGFBZw?oc=5\" target=\"_blank\" rel=\"nofollow noopener\">\u201cP\u201d de Pedro? Avi\u00e3o de apoio a Marisa levanta \u201cd\u00favidas\u201d aos concorrentes: &#8220;Fiquei indecisa&#8230;&#8221;<\/a>&nbsp;&nbsp;Hiper Fm<\/li>\n<li><a href=\"https:\/\/news.google.com\/rss\/articles\/CBMisAFBVV95cUxNVnpmZzY2OXFYeHNwa3hYS0d5SHc2TzVaMnQxSWh3LVRMaXJhcWNpN09sT0tKQjF2OU1SdjNxRFhkV0N2cU91ck9mSXg1RzBzem93RmdaQVdqaXgtbW5FOTJGRlRoeUQ1WGYtWGJpZHViNi1lWjkxQlhLSHRUTTlZMTNBNzBZaURJY181Q1dVMXpxZmlTRldoeTZFTUJwY0xrSnhTb2NmNllGWGRkakxYWg?oc=5\" target=\"_blank\" rel=\"nofollow noopener\">Mensagem no c\u00e9u causa tens\u00e3o na \u201cCasa dos Segredos\u201d: Bruna explode com Marisa \u2014 \u201c\u00c9 mesmo limitada!\u201d<\/a>&nbsp;&nbsp;infocul.pt<\/li>\n<li><a href=\"https:\/\/news.google.com\/rss\/articles\/CBMimwFBVV95cUxOaF91Nnp4QUdNUHVES25pazVOaFFSclFfM0hEQUpPbUNjLV92N2FMSG9QdmRCMFNRWkRPd0oxS0NfbVF1U1JFSkoybS1sYktrcHRINW9xUk1ITjZPbXZSa1Y3cTlXY1VwLURCRWpkS3JacDZqcmNXR3ZGR3JKWDN1d1k0cC1fQnhjdWVhb2poRWNRTXVxQ3RkZWp3OA?oc=5\" target=\"_blank\" rel=\"nofollow noopener\">Bruna irritada com rea\u00e7\u00e3o de Marisa a avi\u00e3o: &#8220;Fo*****. \u00c9 mesmo limitada&#8221;<\/a>&nbsp;&nbsp;A Televis\u00e3o<\/li>\n<\/ol>\n","protected":false},"excerpt":{"rendered":"Sem papas na l\u00edngua. Ana arrasa Pedro em plena din\u00e2mica: \u00abN\u00e3o tens argumentos\u00bb&nbsp;&nbsp;TVI Mais c\u00famplices que nunca: In\u00eas&hellip;\n","protected":false},"author":2,"featured_media":124919,"comment_status":"","ping_status":"","sticky":false,"template":"","format":"standard","meta":{"footnotes":""},"categories":[142],"tags":[6340,114,115,19033,19034,14646,32,33,151,19032],"class_list":{"0":"post-124918","1":"post","2":"type-post","3":"status-publish","4":"format-standard","5":"has-post-thumbnail","7":"category-tv","8":"tag-ana","9":"tag-entertainment","10":"tag-entretenimento","11":"tag-galas-em-video","12":"tag-melhores-momentos-casa-dos-segredos","13":"tag-pedro","14":"tag-portugal","15":"tag-pt","16":"tag-tv","17":"tag-videos-secret-story-tvi"},"share_on_mastodon":{"url":"https:\/\/pubeurope.com\/@pt\/115430546615900197","error":""},"_links":{"self":[{"href":"https:\/\/www.europesays.com\/pt\/wp-json\/wp\/v2\/posts\/124918","targetHints":{"allow":["GET"]}}],"collection":[{"href":"https:\/\/www.europesays.com\/pt\/wp-json\/wp\/v2\/posts"}],"about":[{"href":"https:\/\/www.europesays.com\/pt\/wp-json\/wp\/v2\/types\/post"}],"author":[{"embeddable":true,"href":"https:\/\/www.europesays.com\/pt\/wp-json\/wp\/v2\/users\/2"}],"replies":[{"embeddable":true,"href":"https:\/\/www.europesays.com\/pt\/wp-json\/wp\/v2\/comments?post=124918"}],"version-history":[{"count":0,"href":"https:\/\/www.europesays.com\/pt\/wp-json\/wp\/v2\/posts\/124918\/revisions"}],"wp:featuredmedia":[{"embeddable":true,"href":"https:\/\/www.europesays.com\/pt\/wp-json\/wp\/v2\/media\/124919"}],"wp:attachment":[{"href":"https:\/\/www.europesays.com\/pt\/wp-json\/wp\/v2\/media?parent=124918"}],"wp:term":[{"taxonomy":"category","embeddable":true,"href":"https:\/\/www.europesays.com\/pt\/wp-json\/wp\/v2\/categories?post=124918"},{"taxonomy":"post_tag","embeddable":true,"href":"https:\/\/www.europesays.com\/pt\/wp-json\/wp\/v2\/tags?post=124918"}],"curies":[{"name":"wp","href":"https:\/\/api.w.org\/{rel}","templated":true}]}}