{"id":124931,"date":"2025-10-24T18:35:08","date_gmt":"2025-10-24T18:35:08","guid":{"rendered":"https:\/\/www.europesays.com\/pt\/124931\/"},"modified":"2025-10-24T18:35:08","modified_gmt":"2025-10-24T18:35:08","slug":"carlos-cruz-faz-tatuagem-com-as-filhas-aos-83-anos","status":"publish","type":"post","link":"https:\/\/www.europesays.com\/pt\/124931\/","title":{"rendered":"Carlos Cruz faz tatuagem com as filhas aos 83 anos"},"content":{"rendered":"<p data-remotead-prev-elm=\"true\" data-remotead-elm-id=\"inread\">Na quinta-feira, Marta e Mariana Cruz acompanharam o pai a um est\u00fadio para realizar uma tatuagem em fam\u00edlia. Nas imagens partilhadas nas redes sociais, o antigo apresentador surge com bengala, enquanto as filhas exibem os tr\u00eas cora\u00e7\u00f5es iguais que agora partilham na pele, celebrando a liga\u00e7\u00e3o familiar.<\/p>\n<p>&#8220;Venham tatuar com o nosso pai de 83 anos&#8221;, escreveu Mariana, a filha mais nova, atualmente maquilhadora profissional, quando se dirigiam para o est\u00fadio. &#8220;Isto acaba de acontecer&#8221;, acrescentou, mostrando o processo e desenho dos tr\u00eas cora\u00e7\u00f5es.<\/p>\n<p>O epis\u00f3dio acontece ap\u00f3s anos marcados por problemas de sa\u00fade, al\u00e9m das quest\u00f5es judiciais. Em 2018, Carlos Cru.z enfrentou um cancro no f\u00edgado, tendo sido hospitalizado e submetido a cirurgia, da qual recuperou bem. Em dezembro de 2019, sofreu um acidente vascular cerebral (AVC), que obrigou a novo internamento.<\/p>\n<p data-remotead-prev-elm=\"true\" data-remotead-elm-id=\"centro1\">J\u00e1 em 2022, o Tribunal da Rela\u00e7\u00e3o de Lisboa confirmou a obriga\u00e7\u00e3o de pagar 50 mil euros de indemniza\u00e7\u00e3o a duas v\u00edtimas no \u00e2mbito do processo Casa Pia. O ex-apresentador contestou a execu\u00e7\u00e3o, mantendo a sua posi\u00e7\u00e3o de inoc\u00eancia, mas o tribunal indeferiu o recurso, considerando que as nulidades processuais alegadas estavam sanadas.<\/p>\n<p>Hoje, afastado da vida p\u00fablica, continua a ser lembrado como uma das figuras mais marcantes da hist\u00f3ria da televis\u00e3o portuguesa, e gestos como o da tatuagem com as filhas mostram o lado mais humano e pr\u00f3ximo da fam\u00edlia, que continua a ser o seu maior apoio.<\/p>\n","protected":false},"excerpt":{"rendered":"Na quinta-feira, Marta e Mariana Cruz acompanharam o pai a um est\u00fadio para realizar uma tatuagem em fam\u00edlia.&hellip;\n","protected":false},"author":2,"featured_media":124932,"comment_status":"","ping_status":"","sticky":false,"template":"","format":"standard","meta":{"footnotes":""},"categories":[145],"tags":[25462,211,210,114,115,981,3865,712,32,33,4817],"class_list":{"0":"post-124931","1":"post","2":"type-post","3":"status-publish","4":"format-standard","5":"has-post-thumbnail","7":"category-celebridades","8":"tag-carlos-cruz","9":"tag-celebridades","10":"tag-celebrities","11":"tag-entertainment","12":"tag-entretenimento","13":"tag-familia","14":"tag-filhas","15":"tag-pessoas","16":"tag-portugal","17":"tag-pt","18":"tag-tatuagem"},"share_on_mastodon":{"url":"https:\/\/pubeurope.com\/@pt\/115430589982332475","error":""},"_links":{"self":[{"href":"https:\/\/www.europesays.com\/pt\/wp-json\/wp\/v2\/posts\/124931","targetHints":{"allow":["GET"]}}],"collection":[{"href":"https:\/\/www.europesays.com\/pt\/wp-json\/wp\/v2\/posts"}],"about":[{"href":"https:\/\/www.europesays.com\/pt\/wp-json\/wp\/v2\/types\/post"}],"author":[{"embeddable":true,"href":"https:\/\/www.europesays.com\/pt\/wp-json\/wp\/v2\/users\/2"}],"replies":[{"embeddable":true,"href":"https:\/\/www.europesays.com\/pt\/wp-json\/wp\/v2\/comments?post=124931"}],"version-history":[{"count":0,"href":"https:\/\/www.europesays.com\/pt\/wp-json\/wp\/v2\/posts\/124931\/revisions"}],"wp:featuredmedia":[{"embeddable":true,"href":"https:\/\/www.europesays.com\/pt\/wp-json\/wp\/v2\/media\/124932"}],"wp:attachment":[{"href":"https:\/\/www.europesays.com\/pt\/wp-json\/wp\/v2\/media?parent=124931"}],"wp:term":[{"taxonomy":"category","embeddable":true,"href":"https:\/\/www.europesays.com\/pt\/wp-json\/wp\/v2\/categories?post=124931"},{"taxonomy":"post_tag","embeddable":true,"href":"https:\/\/www.europesays.com\/pt\/wp-json\/wp\/v2\/tags?post=124931"}],"curies":[{"name":"wp","href":"https:\/\/api.w.org\/{rel}","templated":true}]}}