{"id":124943,"date":"2025-10-24T18:47:16","date_gmt":"2025-10-24T18:47:16","guid":{"rendered":"https:\/\/www.europesays.com\/pt\/124943\/"},"modified":"2025-10-24T18:47:16","modified_gmt":"2025-10-24T18:47:16","slug":"portugal-atrasara-relogios-no-domingo","status":"publish","type":"post","link":"https:\/\/www.europesays.com\/pt\/124943\/","title":{"rendered":"Portugal Atrasar\u00e1 Rel\u00f3gios no Domingo"},"content":{"rendered":"<p>Portugal continental e as regi\u00f5es aut\u00f3nomas da Madeira e A\u00e7ores v\u00e3o atrasar os rel\u00f3gios uma hora na madrugada de domingo, 26 de outubro, numa altura em que a Uni\u00e3o Europeia reacende o debate sobre a mudan\u00e7a da hora.<\/p>\n<p>Na madrugada de domingo, em Portugal continental e na Regi\u00e3o Aut\u00f3noma da Madeira, quando forem 02:00 os rel\u00f3gios devem ser atrasados 60 minutos, passando para a 01:00.<\/p>\n<p>Na Regi\u00e3o Aut\u00f3noma dos A\u00e7ores, a mudan\u00e7a ser\u00e1 feita \u00e0 01:00 da madrugada de domingo, passando para as 00:00.<\/p>\n<p>A hora legal voltar\u00e1 depois a mudar a 29 de mar\u00e7o 2026, para o regime de ver\u00e3o.<\/p>\n<p>Por todos os estados-membros da Uni\u00e3o Europeia, domingo marca o primeiro dia do hor\u00e1rio de inverno, numa altura em que Bruxelas retoma o debate antigo sobre o fim ao acerto sazonal dos rel\u00f3gios na primavera e outono.<\/p>\n<p>Depois de o primeiro-ministro espanhol, Pedro S\u00e1nchez, ter anunciado, na segunda-feira, que Espanha ir\u00e1 propor \u00e0 Uni\u00e3o Europeia o fim definitivo da mudan\u00e7a de hora na Europa, a Comiss\u00e3o e o Parlamento europeus fizeram um apelo aos estados-membros no mesmo sentido.<\/p>\n","protected":false},"excerpt":{"rendered":"Portugal continental e as regi\u00f5es aut\u00f3nomas da Madeira e A\u00e7ores v\u00e3o atrasar os rel\u00f3gios uma hora na madrugada&hellip;\n","protected":false},"author":2,"featured_media":124944,"comment_status":"","ping_status":"","sticky":false,"template":"","format":"standard","meta":{"footnotes":""},"categories":[10],"tags":[27,28,15,16,14,25,26,21,22,23995,12,13,19,20,32,23,24,33,17,18,29,30,31],"class_list":{"0":"post-124943","1":"post","2":"type-post","3":"status-publish","4":"format-standard","5":"has-post-thumbnail","7":"category-portugal","8":"tag-breaking-news","9":"tag-breakingnews","10":"tag-featured-news","11":"tag-featurednews","12":"tag-headlines","13":"tag-latest-news","14":"tag-latestnews","15":"tag-main-news","16":"tag-mainnews","17":"tag-mudanca-da-hora","18":"tag-news","19":"tag-noticias","20":"tag-noticias-principais","21":"tag-noticiasprincipais","22":"tag-portugal","23":"tag-principais-noticias","24":"tag-principaisnoticias","25":"tag-pt","26":"tag-top-stories","27":"tag-topstories","28":"tag-ultimas","29":"tag-ultimas-noticias","30":"tag-ultimasnoticias"},"share_on_mastodon":{"url":"https:\/\/pubeurope.com\/@pt\/115430637231183570","error":""},"_links":{"self":[{"href":"https:\/\/www.europesays.com\/pt\/wp-json\/wp\/v2\/posts\/124943","targetHints":{"allow":["GET"]}}],"collection":[{"href":"https:\/\/www.europesays.com\/pt\/wp-json\/wp\/v2\/posts"}],"about":[{"href":"https:\/\/www.europesays.com\/pt\/wp-json\/wp\/v2\/types\/post"}],"author":[{"embeddable":true,"href":"https:\/\/www.europesays.com\/pt\/wp-json\/wp\/v2\/users\/2"}],"replies":[{"embeddable":true,"href":"https:\/\/www.europesays.com\/pt\/wp-json\/wp\/v2\/comments?post=124943"}],"version-history":[{"count":0,"href":"https:\/\/www.europesays.com\/pt\/wp-json\/wp\/v2\/posts\/124943\/revisions"}],"wp:featuredmedia":[{"embeddable":true,"href":"https:\/\/www.europesays.com\/pt\/wp-json\/wp\/v2\/media\/124944"}],"wp:attachment":[{"href":"https:\/\/www.europesays.com\/pt\/wp-json\/wp\/v2\/media?parent=124943"}],"wp:term":[{"taxonomy":"category","embeddable":true,"href":"https:\/\/www.europesays.com\/pt\/wp-json\/wp\/v2\/categories?post=124943"},{"taxonomy":"post_tag","embeddable":true,"href":"https:\/\/www.europesays.com\/pt\/wp-json\/wp\/v2\/tags?post=124943"}],"curies":[{"name":"wp","href":"https:\/\/api.w.org\/{rel}","templated":true}]}}