{"id":124957,"date":"2025-10-24T19:00:13","date_gmt":"2025-10-24T19:00:13","guid":{"rendered":"https:\/\/www.europesays.com\/pt\/124957\/"},"modified":"2025-10-24T19:00:13","modified_gmt":"2025-10-24T19:00:13","slug":"trump-rompe-negociacoes-comerciais-com-canada-apos-anuncio-observador","status":"publish","type":"post","link":"https:\/\/www.europesays.com\/pt\/124957\/","title":{"rendered":"Trump rompe negocia\u00e7\u00f5es comerciais com Canad\u00e1 ap\u00f3s an\u00fancio \u2013 Observador"},"content":{"rendered":"<p>A Funda\u00e7\u00e3o Ronald Reagan, escreveu ainda o dirigente norte-americano, \u201cacaba de anunciar que o Canad\u00e1 usou fraudulentamente um an\u00fancio, que \u00e9 FALSO, apresentando Ronald Reagan a falar negativamente sobre as tarifas.\u201d<\/p>\n<p>Donald Trump referia-se \u00e0 campanha publicit\u00e1ria financiada pela prov\u00edncia canadiana de Ont\u00e1rio, no valor de cerca de 75 milh\u00f5es de d\u00f3lares (cerca de 64,5 milh\u00f5es de euros), com o objetivo de convencer os eleitores republicanos norte-americanos, de acordo com v\u00e1rios meios de comunica\u00e7\u00e3o social.<\/p>\n<p>No entanto, Donald Trump<strong> acusa as autoridades canadianas de terem \u201cagido assim apenas para influenciar a decis\u00e3o do Supremo Tribunal dos Estados Unidos e de outros tribunais\u201d<\/strong>, perante os quais \u00e9 contestada a legalidade dos decretos do Presidente norte-americano que desencadearam estes aumentos aduaneiros.<\/p>\n<p>A Funda\u00e7\u00e3o Ronald Reagan declarou na rede social X que a campanha publicit\u00e1ria canadiana utilizou \u201cde forma seletiva excertos de \u00e1udio e v\u00eddeo\u201d de um discurso radiof\u00f3nico sobre o com\u00e9rcio do antigo presidente republicano, em abril de 1987.<\/p>\n<blockquote class=\"twitter-tweet\" data-width=\"500\" data-dnt=\"true\">\n<p lang=\"en\" dir=\"ltr\">Listen to President Reagan&#8217;s unedited remarks here: <a href=\"https:\/\/t.co\/1gQUcbR4eZ\" rel=\"nofollow\">https:\/\/t.co\/1gQUcbR4eZ<\/a> <a href=\"https:\/\/t.co\/iqmjSuypp0\" rel=\"nofollow\">pic.twitter.com\/iqmjSuypp0<\/a><\/p>\n<p>\u2014 Ronald Reagan Presidential Foundation &amp; Institute (@RonaldReagan) <a href=\"https:\/\/twitter.com\/RonaldReagan\/status\/1981524620265046408?ref_src=twsrc%5Etfw\" rel=\"nofollow noopener\" target=\"_blank\">October 24, 2025<\/a><\/p>\n<\/blockquote>\n<p>De acordo com a funda\u00e7\u00e3o, a publicidade distorcia as palavras de Ronald Reagan (1981-1989), acrescentando que estava \u201ca analisar as suas op\u00e7\u00f5es jur\u00eddicas neste caso\u201d.<\/p>\n<p>\u201cOS DIREITOS ADUANEIROS S\u00c3O MUITO IMPORTANTES PARA A SEGURAN\u00c7A NACIONAL E A ECONOMIA DOS ESTADOS UNIDOS\u201d, escreveu ainda Donald Trump.<\/p>\n<p>Antes da inesperada declara\u00e7\u00e3o, um acordo comercial entre Otava e Washington sobre o a\u00e7o, o alum\u00ednio e a energia parecia prov\u00e1vel, de acordo com o jornal canadiano Globe and Mail, antes do encontro previsto entre o primeiro-ministro canadiano, Mark Carney, e Donald Trump durante a cimeira da Coopera\u00e7\u00e3o Econ\u00f3mica \u00c1sia-Pac\u00edfico (APEC), no final do m\u00eas.<\/p>\n<p>Questionado sobre isso na ter\u00e7a-feira, <strong>Carney n\u00e3o negou nem confirmou a imin\u00eancia desse poss\u00edvel acordo. \u201cVeremos\u201d, disse o respons\u00e1vel a rep\u00f3rteres.<\/strong> \u201cEstamos em negocia\u00e7\u00f5es intensas neste momento\u201d, notou.<\/p>\n<p>Aproximadamente 85% do com\u00e9rcio transfronteiri\u00e7o permanece isento de tarifas, j\u00e1 que os Estados Unidos e o Canad\u00e1 s\u00e3o membros do Acordo de Livre Com\u00e9rcio da Am\u00e9rica do Norte.<\/p>\n<p>Mas as tarifas setoriais globais de Trump, particularmente sobre a\u00e7o, alum\u00ednio e autom\u00f3veis, atingiram duramente o Canad\u00e1, levando \u00e0 perda de empregos e colocando as empresas sob press\u00e3o.<\/p>\n<p>                    <strong>Tem um minuto?<\/strong><br \/>O Observador est\u00e1 a realizar junto dos seus leitores um curto estudo de apenas quatro perguntas. <a href=\"https:\/\/observador.typeform.com\/to\/DnJJ0FZQ\" target=\"_blank\" style=\"text-decoration: underline; color:#262626;\" rel=\"nofollow noopener\">Responda aqui<\/a>.<\/p>\n<p>            <script async src=\"https:\/\/platform.twitter.com\/widgets.js\" charset=\"utf-8\"><\/script><\/p>\n","protected":false},"excerpt":{"rendered":"A Funda\u00e7\u00e3o Ronald Reagan, escreveu ainda o dirigente norte-americano, \u201cacaba de anunciar que o Canad\u00e1 usou fraudulentamente um&hellip;\n","protected":false},"author":2,"featured_media":124958,"comment_status":"","ping_status":"","sticky":false,"template":"","format":"standard","meta":{"footnotes":""},"categories":[50],"tags":[624,27,28,28757,7233,2562,92,476,623,15,16,14,25,26,21,22,62,12,13,19,20,23,24,17,18,29,30,31,63,64,65],"class_list":{"0":"post-124957","1":"post","2":"type-post","3":"status-publish","4":"format-standard","5":"has-post-thumbnail","7":"category-mundo","8":"tag-amu00e9rica","9":"tag-breaking-news","10":"tag-breakingnews","11":"tag-canadu00e1","12":"tag-comu00e9rcio","13":"tag-comu00e9rcio-externo","14":"tag-donald-trump","15":"tag-economia","16":"tag-estados-unidos-da-amu00e9rica","17":"tag-featured-news","18":"tag-featurednews","19":"tag-headlines","20":"tag-latest-news","21":"tag-latestnews","22":"tag-main-news","23":"tag-mainnews","24":"tag-mundo","25":"tag-news","26":"tag-noticias","27":"tag-noticias-principais","28":"tag-noticiasprincipais","29":"tag-principais-noticias","30":"tag-principaisnoticias","31":"tag-top-stories","32":"tag-topstories","33":"tag-ultimas","34":"tag-ultimas-noticias","35":"tag-ultimasnoticias","36":"tag-world","37":"tag-world-news","38":"tag-worldnews"},"share_on_mastodon":{"url":"","error":"Validation failed: Text character limit of 500 exceeded"},"_links":{"self":[{"href":"https:\/\/www.europesays.com\/pt\/wp-json\/wp\/v2\/posts\/124957","targetHints":{"allow":["GET"]}}],"collection":[{"href":"https:\/\/www.europesays.com\/pt\/wp-json\/wp\/v2\/posts"}],"about":[{"href":"https:\/\/www.europesays.com\/pt\/wp-json\/wp\/v2\/types\/post"}],"author":[{"embeddable":true,"href":"https:\/\/www.europesays.com\/pt\/wp-json\/wp\/v2\/users\/2"}],"replies":[{"embeddable":true,"href":"https:\/\/www.europesays.com\/pt\/wp-json\/wp\/v2\/comments?post=124957"}],"version-history":[{"count":0,"href":"https:\/\/www.europesays.com\/pt\/wp-json\/wp\/v2\/posts\/124957\/revisions"}],"wp:featuredmedia":[{"embeddable":true,"href":"https:\/\/www.europesays.com\/pt\/wp-json\/wp\/v2\/media\/124958"}],"wp:attachment":[{"href":"https:\/\/www.europesays.com\/pt\/wp-json\/wp\/v2\/media?parent=124957"}],"wp:term":[{"taxonomy":"category","embeddable":true,"href":"https:\/\/www.europesays.com\/pt\/wp-json\/wp\/v2\/categories?post=124957"},{"taxonomy":"post_tag","embeddable":true,"href":"https:\/\/www.europesays.com\/pt\/wp-json\/wp\/v2\/tags?post=124957"}],"curies":[{"name":"wp","href":"https:\/\/api.w.org\/{rel}","templated":true}]}}