{"id":124961,"date":"2025-10-24T19:02:15","date_gmt":"2025-10-24T19:02:15","guid":{"rendered":"https:\/\/www.europesays.com\/pt\/124961\/"},"modified":"2025-10-24T19:02:15","modified_gmt":"2025-10-24T19:02:15","slug":"carris-nega-ter-dado-informacao-sobre-substituicao-de-cabo-observador","status":"publish","type":"post","link":"https:\/\/www.europesays.com\/pt\/124961\/","title":{"rendered":"Carris nega ter dado informa\u00e7\u00e3o sobre substitui\u00e7\u00e3o de cabo \u2013 Observador"},"content":{"rendered":"<p>A Carris nega ter dado a informa\u00e7\u00e3o relativa \u00e0 data de substitui\u00e7\u00e3o do cabo do elevador da Gl\u00f3ria, e que consta na primeira nota informativa publicada pelo GPIAAF (Gabinete de Preven\u00e7\u00e3o e Investiga\u00e7\u00e3o de Acidentes com Aeronaves e de Acidentes Ferrovi\u00e1rios), desmentindo assim a not\u00edcia publicada esta sexta-feira no <a href=\"https:\/\/expresso.pt\/sociedade\/2025-10-23-carris-deu-informacao-errada-a-investigacao-do-acidente-com-o-elevador-da-gloria-26249d59\" rel=\"nofollow noopener\" target=\"_blank\">Expresso<\/a>, segundo a qual a empresa deu uma \u201cinforma\u00e7\u00e3o errada\u201d \u00e0 investiga\u00e7\u00e3o do acidente.<\/p>\n<p>Em comunicado enviado na sequ\u00eancia desta not\u00edcia, com o objetivo de ver \u201crepostas, por uma quest\u00e3o de rigor e defesa da honra e do bom nome\u201d da empresa, \u201calgumas quest\u00f5es importantes\u201d, a Carris diz que \u201cnunca prestou a informa\u00e7\u00e3o aludida na not\u00edcia, desde logo porque na altura se encontrava a apurar a factualidade referente \u00e0 aquisi\u00e7\u00e3o do cabo\u201d.<\/p>\n<p>Afirma ainda que \u201cos\u00a0referidos dados n\u00e3o constam da vast\u00edssima documenta\u00e7\u00e3o que a CARRIS remeteu ao GPIAAF, no \u00e2mbito da investiga\u00e7\u00e3o\u201d.<\/p>\n<p>Em causa est\u00e1 a data de substitui\u00e7\u00e3o do cabo do elevador da Gl\u00f3ria. Na primeira nota informativa publicada pelo GPIAAF a 6 de setembro, tr\u00eas dias depois do acidente, era referido que \u201ceste tipo de cabo\u201d era \u201cusado neste ascensor h\u00e1 cerca de seis anos\u201d, portanto desde 2019.<\/p>\n<p>No relat\u00f3rio preliminar publicado esta segunda-feira, \u00e9 referido que o cabo em causa entrou ao servi\u00e7o em dezembro de 2022.<\/p>\n<p>Ao Expresso, o GPIAAF \u00a0diz que a indica\u00e7\u00e3o de 2019 \u201ccorrespondia ao conhecimento da investiga\u00e7\u00e3o \u00e0 data da sua reda\u00e7\u00e3o, com base nos elementos at\u00e9 ent\u00e3o recolhidos, documentais e testemunhais\u201d.<\/p>\n<p>Na mesma nota, a Carris diz que o\u00a0Conselho de Administra\u00e7\u00e3o da empresa \u201cn\u00e3o foi, at\u00e9 \u00e0 data, inquirido pelo GPIAAF no \u00e2mbito da investiga\u00e7\u00e3o\u201d.<\/p>\n<p>                    <strong>Tem um minuto?<\/strong><br \/>O Observador est\u00e1 a realizar junto dos seus leitores um curto estudo de apenas quatro perguntas. <a href=\"https:\/\/observador.typeform.com\/to\/DnJJ0FZQ\" target=\"_blank\" style=\"text-decoration: underline; color:#262626;\" rel=\"nofollow noopener\">Responda aqui<\/a>.<\/p>\n","protected":false},"excerpt":{"rendered":"A Carris nega ter dado a informa\u00e7\u00e3o relativa \u00e0 data de substitui\u00e7\u00e3o do cabo do elevador da Gl\u00f3ria,&hellip;\n","protected":false},"author":2,"featured_media":124962,"comment_status":"","ping_status":"","sticky":false,"template":"","format":"standard","meta":{"footnotes":""},"categories":[8],"tags":[27,28,17138,476,15,16,14,25,26,21,22,12,13,19,20,32,23,24,33,17,18,2588,29,30,31],"class_list":{"0":"post-124961","1":"post","2":"type-post","3":"status-publish","4":"format-standard","5":"has-post-thumbnail","7":"category-principais-noticias","8":"tag-breaking-news","9":"tag-breakingnews","10":"tag-carris","11":"tag-economia","12":"tag-featured-news","13":"tag-featurednews","14":"tag-headlines","15":"tag-latest-news","16":"tag-latestnews","17":"tag-main-news","18":"tag-mainnews","19":"tag-news","20":"tag-noticias","21":"tag-noticias-principais","22":"tag-noticiasprincipais","23":"tag-portugal","24":"tag-principais-noticias","25":"tag-principaisnoticias","26":"tag-pt","27":"tag-top-stories","28":"tag-topstories","29":"tag-transportes","30":"tag-ultimas","31":"tag-ultimas-noticias","32":"tag-ultimasnoticias"},"share_on_mastodon":{"url":"https:\/\/pubeurope.com\/@pt\/115430696201268101","error":""},"_links":{"self":[{"href":"https:\/\/www.europesays.com\/pt\/wp-json\/wp\/v2\/posts\/124961","targetHints":{"allow":["GET"]}}],"collection":[{"href":"https:\/\/www.europesays.com\/pt\/wp-json\/wp\/v2\/posts"}],"about":[{"href":"https:\/\/www.europesays.com\/pt\/wp-json\/wp\/v2\/types\/post"}],"author":[{"embeddable":true,"href":"https:\/\/www.europesays.com\/pt\/wp-json\/wp\/v2\/users\/2"}],"replies":[{"embeddable":true,"href":"https:\/\/www.europesays.com\/pt\/wp-json\/wp\/v2\/comments?post=124961"}],"version-history":[{"count":0,"href":"https:\/\/www.europesays.com\/pt\/wp-json\/wp\/v2\/posts\/124961\/revisions"}],"wp:featuredmedia":[{"embeddable":true,"href":"https:\/\/www.europesays.com\/pt\/wp-json\/wp\/v2\/media\/124962"}],"wp:attachment":[{"href":"https:\/\/www.europesays.com\/pt\/wp-json\/wp\/v2\/media?parent=124961"}],"wp:term":[{"taxonomy":"category","embeddable":true,"href":"https:\/\/www.europesays.com\/pt\/wp-json\/wp\/v2\/categories?post=124961"},{"taxonomy":"post_tag","embeddable":true,"href":"https:\/\/www.europesays.com\/pt\/wp-json\/wp\/v2\/tags?post=124961"}],"curies":[{"name":"wp","href":"https:\/\/api.w.org\/{rel}","templated":true}]}}