{"id":124988,"date":"2025-10-24T19:34:11","date_gmt":"2025-10-24T19:34:11","guid":{"rendered":"https:\/\/www.europesays.com\/pt\/124988\/"},"modified":"2025-10-24T19:34:11","modified_gmt":"2025-10-24T19:34:11","slug":"elevador-da-gloria-marcelo-diz-que-relatorio-tem-muito-mais-do-que-tinha-pensado-elevador-da-gloria","status":"publish","type":"post","link":"https:\/\/www.europesays.com\/pt\/124988\/","title":{"rendered":"Elevador da Gl\u00f3ria: Marcelo diz que relat\u00f3rio tem \u201cmuito mais\u201d do que \u201ctinha pensado\u201d | Elevador da Gl\u00f3ria"},"content":{"rendered":"<p>O relat\u00f3rio preliminar do GPIAAF [Gabinete de Preven\u00e7\u00e3o e Investiga\u00e7\u00e3o de Acidentes com Aeronaves e Acidentes Ferrovi\u00e1rios] sobre o acidente no Elevador da Gl\u00f3ria surpreendeu o Presidente da Rep\u00fablica, por revelar &#8220;muito mais&#8221; do que Marcelo Rebelo de Sousa &#8220;tinha pensado&#8221;. Ainda assim, o chefe de Estado considera que \u00e9 preciso esperar pelo relat\u00f3rio definitivo antes de serem apuradas responsabilidades.<\/p>\n<p>Na quinta-feira \u00e0 noite, em declara\u00e7\u00f5es \u00e0 RTP, o chefe de Estado assumiu que o <a href=\"https:\/\/www.publico.pt\/2025\/10\/20\/sociedade\/noticia\/cabo-elevador-gloria-nao-certificado-transporte-carris-nao-deu-nada-2151491\" rel=\"nofollow noopener\" target=\"_blank\">relat\u00f3rio preliminar<\/a>, que d\u00e1 conta de que o <a href=\"https:\/\/www.publico.pt\/2025\/10\/24\/sociedade\/noticia\/cabo-elevador-gloria-usado-desde-2022-nao-ha-cerca-seis-anos-2152047\" rel=\"nofollow noopener\" target=\"_blank\">cabo de trac\u00e7\u00e3o<\/a> do elevador da Gl\u00f3ria &#8220;n\u00e3o estava certificado para utiliza\u00e7\u00e3o em instala\u00e7\u00f5es para transporte de pessoas&#8221; e que levou \u00e0<a href=\"https:\/\/www.publico.pt\/2025\/10\/22\/local\/noticia\/moedas-aceita-pedido-demissao-administracao-carris-liderada-pedro-bogas-2151789\" rel=\"nofollow noopener\" target=\"_blank\"> demiss\u00e3o <\/a>do conselho de administra\u00e7\u00e3o da Carris, cont\u00e9m mais informa\u00e7\u00e3o do que a que esperava.<\/p>\n<p>&#8220;Eu sou jurista, tenho forma\u00e7\u00e3o de jurista. Quero esperar pelo relat\u00f3rio definitivo. Claro que o relat\u00f3rio preliminar j\u00e1 deu algumas consequ\u00eancias, mas isso s\u00e3o decis\u00f5es de quem as tomou. Eu queria ver o relat\u00f3rio definitivo para ver se se confirma tudo aquilo que vem no relat\u00f3rio preliminar, que \u00e9 muito mais do que eu tinha pensado&#8221;, admitiu.<\/p>\n<p>        &#13;<\/p>\n<p>&#13;<br \/>\n                &#13;\n            <\/p>\n<p>&#13;<\/p>\n<p>Sobre o que \u00e9 que o surpreendeu no relat\u00f3rio, Marcelo Rebelo de Sousa escusou-se a clarificar. &#8220;Eu n\u00e3o quero estar a pressionar o relat\u00f3rio definitivo. Tinha-se falado de duas ou tr\u00eas coisas, sobretudo, e o relat\u00f3rio junta a essas duas ou tr\u00eas coisas mais algumas, portanto, vamos esperar pelo definitivo&#8221;, disse.<\/p>\n<p>Assinalando que &#8220;em fun\u00e7\u00e3o do [relat\u00f3rio] definitivo \u00e9 preciso, de facto, apurar as responsabilidades&#8221;, o Presidente da Rep\u00fablica n\u00e3o quis responder sobre se ser\u00e1 necess\u00e1rio indicar <a href=\"https:\/\/www.publico.pt\/2025\/09\/07\/politica\/noticia\/marcelo-moedas-responsabilidade-politica-demissao-nao-faz-sentido-2146282\" rel=\"nofollow noopener\" target=\"_blank\">responsabilidades pol\u00edticas<\/a>, caso o relat\u00f3rio final confirme o documento preliminar. &#8220;N\u00e3o queria antecipar-me ao relat\u00f3rio definitivo, sen\u00e3o \u00e9 uma press\u00e3o sobre a elabora\u00e7\u00e3o&#8221; do documento, considerou.<\/p>\n<p>&#8220;O preliminar foi feito sem press\u00f5es e agora vamos ver o definitivo, sem press\u00f5es, para ver o que \u00e9 que se apura, em que estado \u00e9 que se encontravam as coisas&#8221;, frisou, sinalizando que &#8220;depois h\u00e1 v\u00e1rios racioc\u00ednios que se pode fazer sobre aquilo que vier a ser apurado&#8221;.<\/p>\n","protected":false},"excerpt":{"rendered":"O relat\u00f3rio preliminar do GPIAAF [Gabinete de Preven\u00e7\u00e3o e Investiga\u00e7\u00e3o de Acidentes com Aeronaves e Acidentes Ferrovi\u00e1rios] sobre&hellip;\n","protected":false},"author":2,"featured_media":124989,"comment_status":"","ping_status":"","sticky":false,"template":"","format":"standard","meta":{"footnotes":""},"categories":[10],"tags":[1455,27,28,17138,16269,15,16,17208,14,25,26,21,22,588,12,13,19,20,52,32,1963,23,24,33,17,18,29,30,31],"class_list":{"0":"post-124988","1":"post","2":"type-post","3":"status-publish","4":"format-standard","5":"has-post-thumbnail","7":"category-portugal","8":"tag-acidentes","9":"tag-breaking-news","10":"tag-breakingnews","11":"tag-carris","12":"tag-elevador-da-gloria","13":"tag-featured-news","14":"tag-featurednews","15":"tag-gpiaaf","16":"tag-headlines","17":"tag-latest-news","18":"tag-latestnews","19":"tag-main-news","20":"tag-mainnews","21":"tag-marcelo-rebelo-de-sousa","22":"tag-news","23":"tag-noticias","24":"tag-noticias-principais","25":"tag-noticiasprincipais","26":"tag-politica","27":"tag-portugal","28":"tag-presidente-da-republica","29":"tag-principais-noticias","30":"tag-principaisnoticias","31":"tag-pt","32":"tag-top-stories","33":"tag-topstories","34":"tag-ultimas","35":"tag-ultimas-noticias","36":"tag-ultimasnoticias"},"share_on_mastodon":{"url":"","error":"Validation failed: Text character limit of 500 exceeded"},"_links":{"self":[{"href":"https:\/\/www.europesays.com\/pt\/wp-json\/wp\/v2\/posts\/124988","targetHints":{"allow":["GET"]}}],"collection":[{"href":"https:\/\/www.europesays.com\/pt\/wp-json\/wp\/v2\/posts"}],"about":[{"href":"https:\/\/www.europesays.com\/pt\/wp-json\/wp\/v2\/types\/post"}],"author":[{"embeddable":true,"href":"https:\/\/www.europesays.com\/pt\/wp-json\/wp\/v2\/users\/2"}],"replies":[{"embeddable":true,"href":"https:\/\/www.europesays.com\/pt\/wp-json\/wp\/v2\/comments?post=124988"}],"version-history":[{"count":0,"href":"https:\/\/www.europesays.com\/pt\/wp-json\/wp\/v2\/posts\/124988\/revisions"}],"wp:featuredmedia":[{"embeddable":true,"href":"https:\/\/www.europesays.com\/pt\/wp-json\/wp\/v2\/media\/124989"}],"wp:attachment":[{"href":"https:\/\/www.europesays.com\/pt\/wp-json\/wp\/v2\/media?parent=124988"}],"wp:term":[{"taxonomy":"category","embeddable":true,"href":"https:\/\/www.europesays.com\/pt\/wp-json\/wp\/v2\/categories?post=124988"},{"taxonomy":"post_tag","embeddable":true,"href":"https:\/\/www.europesays.com\/pt\/wp-json\/wp\/v2\/tags?post=124988"}],"curies":[{"name":"wp","href":"https:\/\/api.w.org\/{rel}","templated":true}]}}