{"id":125003,"date":"2025-10-24T19:49:11","date_gmt":"2025-10-24T19:49:11","guid":{"rendered":"https:\/\/www.europesays.com\/pt\/125003\/"},"modified":"2025-10-24T19:49:11","modified_gmt":"2025-10-24T19:49:11","slug":"ja-chega-de-chega-diretor-da-campanha-em-mirandela-abandona-o-partido-em-colisao-com-a-distrital","status":"publish","type":"post","link":"https:\/\/www.europesays.com\/pt\/125003\/","title":{"rendered":"&#8220;J\u00e1 chega de CHEGA&#8221;: Diretor da campanha em Mirandela abandona o partido em colis\u00e3o com a distrital"},"content":{"rendered":"<p data-remotead-prev-elm=\"true\" data-remotead-elm-id=\"inread\">Na quinta-feira, Lu\u00eds Saraiva, o cabe\u00e7a de lista do partido de Andr\u00e9 Ventura \u00e0 C\u00e2mara de Mirandela, nas aut\u00e1rquicas de 12 de outubro, e eleito vereador, revelou, em comunicado, que optou por se desfiliar do partido, alegando diverg\u00eancias &#8220;intranspon\u00edveis&#8221; com a dire\u00e7\u00e3o distrital do partido bem como uma falta de apoio &#8220;gritante&#8221; durante a campanha, tanto a n\u00edvel local como nacional.<\/p>\n<blockquote data-type=\"articles\" data-id=\"related-article-18011861\"><p>\n              <strong>Leia tamb\u00e9m <\/strong><br \/>\n              <a href=\"https:\/\/www.jn.pt\/pais\/artigo\/vereador-eleito-pelo-chega-em-mirandela-anuncia-desfiliacao-do-partido\/18011861\" rel=\"nofollow noopener\" target=\"_blank\">Vereador eleito pelo Chega em Mirandela anuncia desfilia\u00e7\u00e3o do partido<\/a>\n            <\/p><\/blockquote>\n<p>Agora, foi a vez do diretor de campanha e mandat\u00e1rio pol\u00edtico, Ricardo Garcia, dar a conhecer que deixa &#8220;de forma definitiva e irrevog\u00e1vel&#8221; o partido.<\/p>\n<p data-remotead-prev-elm=\"true\" data-remotead-elm-id=\"centro1\">Em comunicado, justifica esta tomada de posi\u00e7\u00e3o com o facto de o partido, a n\u00edvel distrital, ter sido &#8220;tomado de assalto por uma pessoa e pelos seus adidos, que em nada representam os valores que o Chega devia defender&#8221;. Pelo contr\u00e1rio, Ricardo Garcia escreve que &#8220;foram os inimigos de dentro&#8221; e que agora &#8220;mentem, distorcem e tentam colher os louros de resultados que n\u00e3o lhes pertencem&#8221;. Perante isto, diz que chegou o momento de dizer &#8220;j\u00e1 chega de CHEGA&#8221;.<\/p>\n<p>O candidato do Chega \u00e0 C\u00e2mara de Mirandela, nas aut\u00e1rquicas de 2021, lembra que, nessa altura decidiu &#8220;dar a cara e defender o partido com coragem, convic\u00e7\u00e3o e sentido de dever&#8221; e que, ap\u00f3s uma pequena pausa, foi novamente convidado a regressar, acreditando &#8220;que seria poss\u00edvel construir algo de bom pelo partido e, acima de tudo, por Mirandela&#8221;.<\/p>\n<p>No entanto, o mandat\u00e1rio pol\u00edtico das recentes aut\u00e1rquicas sublinha que foi uma campanha eleitoral &#8220;dura, com v\u00e1rios desafios, trai\u00e7\u00f5es, falta de lealdade e um enorme investimento de tempo e esfor\u00e7o pessoal. Ainda assim, super\u00e1mos o resultado a que nos propusemos&#8221;, acrescenta.<\/p>\n<p data-remotead-prev-elm=\"true\" data-remotead-elm-id=\"centro2\">Mas &#8220;as vit\u00f3rias nem sempre trazem o sabor pleno da conquista &#8211; e, por vezes, revelam faltas de respeito, humildade e lealdade que j\u00e1 poucos parecem valorizar&#8221;, afirma.<\/p>\n<p>Ricardo Garcia termina dizendo que sai &#8220;desiludido e frustrado, porque o partido &#8220;desviou-se dos princ\u00edpios de m\u00e9rito, justi\u00e7a e seriedade que um dia me levaram a acreditar no projeto&#8221;.<\/p>\n","protected":false},"excerpt":{"rendered":"Na quinta-feira, Lu\u00eds Saraiva, o cabe\u00e7a de lista do partido de Andr\u00e9 Ventura \u00e0 C\u00e2mara de Mirandela, nas&hellip;\n","protected":false},"author":2,"featured_media":125004,"comment_status":"","ping_status":"","sticky":false,"template":"","format":"standard","meta":{"footnotes":""},"categories":[10],"tags":[27,28,1736,28515,17593,15,16,14,25,26,21,22,12,13,19,20,32,23,24,33,17,18,29,30,31],"class_list":{"0":"post-125003","1":"post","2":"type-post","3":"status-publish","4":"format-standard","5":"has-post-thumbnail","7":"category-portugal","8":"tag-breaking-news","9":"tag-breakingnews","10":"tag-chega","11":"tag-concelho-mirandela","12":"tag-eleicoes-autarquicas","13":"tag-featured-news","14":"tag-featurednews","15":"tag-headlines","16":"tag-latest-news","17":"tag-latestnews","18":"tag-main-news","19":"tag-mainnews","20":"tag-news","21":"tag-noticias","22":"tag-noticias-principais","23":"tag-noticiasprincipais","24":"tag-portugal","25":"tag-principais-noticias","26":"tag-principaisnoticias","27":"tag-pt","28":"tag-top-stories","29":"tag-topstories","30":"tag-ultimas","31":"tag-ultimas-noticias","32":"tag-ultimasnoticias"},"share_on_mastodon":{"url":"https:\/\/pubeurope.com\/@pt\/115430880865511535","error":""},"_links":{"self":[{"href":"https:\/\/www.europesays.com\/pt\/wp-json\/wp\/v2\/posts\/125003","targetHints":{"allow":["GET"]}}],"collection":[{"href":"https:\/\/www.europesays.com\/pt\/wp-json\/wp\/v2\/posts"}],"about":[{"href":"https:\/\/www.europesays.com\/pt\/wp-json\/wp\/v2\/types\/post"}],"author":[{"embeddable":true,"href":"https:\/\/www.europesays.com\/pt\/wp-json\/wp\/v2\/users\/2"}],"replies":[{"embeddable":true,"href":"https:\/\/www.europesays.com\/pt\/wp-json\/wp\/v2\/comments?post=125003"}],"version-history":[{"count":0,"href":"https:\/\/www.europesays.com\/pt\/wp-json\/wp\/v2\/posts\/125003\/revisions"}],"wp:featuredmedia":[{"embeddable":true,"href":"https:\/\/www.europesays.com\/pt\/wp-json\/wp\/v2\/media\/125004"}],"wp:attachment":[{"href":"https:\/\/www.europesays.com\/pt\/wp-json\/wp\/v2\/media?parent=125003"}],"wp:term":[{"taxonomy":"category","embeddable":true,"href":"https:\/\/www.europesays.com\/pt\/wp-json\/wp\/v2\/categories?post=125003"},{"taxonomy":"post_tag","embeddable":true,"href":"https:\/\/www.europesays.com\/pt\/wp-json\/wp\/v2\/tags?post=125003"}],"curies":[{"name":"wp","href":"https:\/\/api.w.org\/{rel}","templated":true}]}}