{"id":125009,"date":"2025-10-24T19:56:24","date_gmt":"2025-10-24T19:56:24","guid":{"rendered":"https:\/\/www.europesays.com\/pt\/125009\/"},"modified":"2025-10-24T19:56:24","modified_gmt":"2025-10-24T19:56:24","slug":"de-volta-para-o-futuro-completa-40-anos-com-homenagens-e-lancamentos","status":"publish","type":"post","link":"https:\/\/www.europesays.com\/pt\/125009\/","title":{"rendered":"&#8216;De Volta para o Futuro&#8217; completa 40 anos com homenagens e lan\u00e7amentos"},"content":{"rendered":"<p class=\"texto\">Nesta ter\u00e7a-feira (21\/10) \u00e9 celebrado o Dia de \u201c<strong><a href=\"https:\/\/www.em.com.br\/app\/noticia\/cultura\/2020\/07\/02\/interna_cultura,1161849\/de-volta-para-o-futuro-comemora-35-anos-com-maratona.shtml\" target=\"_blank\" rel=\"nofollow noopener\">De volta para o futuro<\/a><\/strong>\u201d. O primeiro filme da cl\u00e1ssica franquia norte-americana, lan\u00e7ado em 1985,\u00a0conta a hist\u00f3ria do adolescente Marty McFly (Michael J. Fox), que \u00e9 transportado para o ano de 1955, quando uma experi\u00eancia do exc\u00eantrico cientista Doc Brown (Christopher Lloyd) n\u00e3o sai como planejado.<\/p>\n<p class=\"texto\">Em celebra\u00e7\u00e3o \u00e0 data, algumas marcas anunciaram lan\u00e7amentos em homenagem \u00e0 trilogia dirigida por Robert Zemeckis, referenciando a \u00e9poca e a obra.<\/p>\n<p class=\"texto\">Um exemplo \u00e9 o da\u00a0marca de rel\u00f3gios <strong><a href=\"https:\/\/www.casio.com\/pt\/corporate\/casio-corporate\/news\/2025\/ca-500webf-1aer\/\" target=\"_blank\" rel=\"nofollow noopener\">Cassio<\/a><\/strong>, que divulgou a edi\u00e7\u00e3o de um modelo vintage em homenagem ao cl\u00e1ssico. A pe\u00e7a, inspirada nos anos 1980, remete aos filmes de fic\u00e7\u00e3o cient\u00edfica e alude ao rel\u00f3gio digital \u201cCA-500WEBF\u201d, usado pelo jovem Marty McFly no longa. A pr\u00e9-venda come\u00e7a nesta ter\u00e7a-feira.<\/p>\n<p class=\"texto\">O modelo \u00e9 baseado em um dos rel\u00f3gios mais populares da marca, o CA-500, que traz uma calculadora integrada e \u00e9 um item de colecionador para f\u00e3s da franquia. Ele estar\u00e1 dispon\u00edvel por \u20ac 119 (R$ 743) em lojas online selecionadas.<\/p>\n<p class=\"texto\">A Cassio n\u00e3o\u00a0\u00e9 a \u00fanica a explorar a longevidade do cl\u00e1ssico. A <strong><a href=\"https:\/\/www.gibson.com\/?srsltid=AfmBOorIv3ikdiUqo29fNyyofDz7gpJVWtt0VKw24yQ1MX6j__bl9gFZ\" target=\"_blank\" rel=\"nofollow noopener\">Gibson<\/a><\/strong>, fabricante de instrumentos, anunciou uma cole\u00e7\u00e3o limitada de guitarras, roupas e acess\u00f3rios inspirados na trilogia. Os lan\u00e7amentos j\u00e1 est\u00e3o dispon\u00edveis no site da loja.<\/p>\n<p style=\"text-align: center;\"><a href=\"https:\/\/whatsapp.com\/channel\/0029Va8e466AO7RPLL06EL2h\" target=\"_blank\" rel=\"noopener noreferrer nofollow\"><strong>Siga nosso canal no WhatsApp e receba not\u00edcias relevantes para o seu dia<\/strong><\/a><\/p>\n<p class=\"texto\">Uma das novidades \u00e9 a guitarra \u201cCollector\u2019s Edition \u20181955\u2019 ES-345\u201d. A quantidade \u00e9 limitada a 88 unidades no mundo inteiro, e o pre\u00e7o est\u00e1 na casa dos US$ 19.999 (R$ 108.000, sem considerar as taxas e os impostos).<\/p>\n<p class=\"texto\">Al\u00e9m disso, a marca anunciou o lan\u00e7amento de outra guitarra, a \u201cEpiphone Back to the Future ES-345\u201d, vendida por US$ 999 (R$ 5.375, tamb\u00e9m desconsiderando taxas e impostos), e outros acess\u00f3rios que referenciam os filmes.<\/p>\n<p class=\"texto\"><strong>*Estagi\u00e1ria sob supervis\u00e3o do subeditor Thiago Prata<\/strong><\/p>\n<p class=\"texto\">\n","protected":false},"excerpt":{"rendered":"Nesta ter\u00e7a-feira (21\/10) \u00e9 celebrado o Dia de \u201cDe volta para o futuro\u201d. O primeiro filme da cl\u00e1ssica&hellip;\n","protected":false},"author":2,"featured_media":125010,"comment_status":"","ping_status":"","sticky":false,"template":"","format":"standard","meta":{"footnotes":""},"categories":[140],"tags":[470,7339,114,115,147,148,146,150,32,33],"class_list":{"0":"post-125009","1":"post","2":"type-post","3":"status-publish","4":"format-standard","5":"has-post-thumbnail","7":"category-filmes","8":"tag-cinema","9":"tag-de-volta-para-o-futuro","10":"tag-entertainment","11":"tag-entretenimento","12":"tag-film","13":"tag-filmes","14":"tag-movies","15":"tag-musica","16":"tag-portugal","17":"tag-pt"},"share_on_mastodon":{"url":"https:\/\/pubeurope.com\/@pt\/115430908441722685","error":""},"_links":{"self":[{"href":"https:\/\/www.europesays.com\/pt\/wp-json\/wp\/v2\/posts\/125009","targetHints":{"allow":["GET"]}}],"collection":[{"href":"https:\/\/www.europesays.com\/pt\/wp-json\/wp\/v2\/posts"}],"about":[{"href":"https:\/\/www.europesays.com\/pt\/wp-json\/wp\/v2\/types\/post"}],"author":[{"embeddable":true,"href":"https:\/\/www.europesays.com\/pt\/wp-json\/wp\/v2\/users\/2"}],"replies":[{"embeddable":true,"href":"https:\/\/www.europesays.com\/pt\/wp-json\/wp\/v2\/comments?post=125009"}],"version-history":[{"count":0,"href":"https:\/\/www.europesays.com\/pt\/wp-json\/wp\/v2\/posts\/125009\/revisions"}],"wp:featuredmedia":[{"embeddable":true,"href":"https:\/\/www.europesays.com\/pt\/wp-json\/wp\/v2\/media\/125010"}],"wp:attachment":[{"href":"https:\/\/www.europesays.com\/pt\/wp-json\/wp\/v2\/media?parent=125009"}],"wp:term":[{"taxonomy":"category","embeddable":true,"href":"https:\/\/www.europesays.com\/pt\/wp-json\/wp\/v2\/categories?post=125009"},{"taxonomy":"post_tag","embeddable":true,"href":"https:\/\/www.europesays.com\/pt\/wp-json\/wp\/v2\/tags?post=125009"}],"curies":[{"name":"wp","href":"https:\/\/api.w.org\/{rel}","templated":true}]}}