{"id":125019,"date":"2025-10-24T20:07:16","date_gmt":"2025-10-24T20:07:16","guid":{"rendered":"https:\/\/www.europesays.com\/pt\/125019\/"},"modified":"2025-10-24T20:07:16","modified_gmt":"2025-10-24T20:07:16","slug":"vagos-jovem-tera-escondido-arma-na-campa-dos-avos-paternos-observador","status":"publish","type":"post","link":"https:\/\/www.europesays.com\/pt\/125019\/","title":{"rendered":"Vagos. Jovem ter\u00e1 escondido arma na campa dos av\u00f3s paternos \u2013 Observador"},"content":{"rendered":"<p>O jovem de 14 anos suspeito de matar a m\u00e3e, a vereadora da C\u00e2mara Municipal de Vagos Susana Gravato, <strong>escondeu a arma do crime na campa dos av\u00f3s paternos<\/strong>, <a href=\"https:\/\/www.jn.pt\/justica\/artigo\/matou-mae-com-dois-tiros-e-escondeu-arma-na-campa-dos-avos-paternos\/18012059\" rel=\"nofollow noopener\" target=\"_blank\">noticia<\/a> esta sexta-feira o Jornal de Not\u00edcias que apurou a informa\u00e7\u00e3o junto de fonte pr\u00f3xima da investiga\u00e7\u00e3o.<\/p>\n<p>O menor ter\u00e1 preparado ao detalhe o crime e ter\u00e1 querido simular um assalto. O jovem foi \u00e0s aulas na manh\u00e3 da passada ter\u00e7a-feira, foi almo\u00e7ar a um restaurante com os pais e voltou a casa. Mas saiu novamente para tapar as c\u00e2maras de videovigil\u00e2ncia \u2014 e para dar a ideia de que n\u00e3o estaria em casa no momento do alegado crime.<\/p>\n<p>Ap\u00f3s ter tapado as c\u00e2maras, o menor de 14 anos voltou a casa, segundo relata o Jornal de Not\u00edcias. Foi ao cofre dos pais, abriu-o (conhecia o c\u00f3digo de antem\u00e3o) e pegou na arma de fogo licenciada do pai. Voltou \u00e0 sala e disparou dois tiros contra a m\u00e3e, um deles que atingiu Susana Gravato na nuca. A vereadora estava ao telefone com uma funcion\u00e1ria da C\u00e2mara Municipal de Vagos, que ouviu tudo.<\/p>\n<p>O jovem voltou a sair de casa, n\u00e3o sem antes pegar no corpo e deit\u00e1-lo no sof\u00e1. Cobriu o cad\u00e1ver com uma manta, no que ter\u00e1 sido um gesto de compaix\u00e3o. O menor foi buscar dinheiro, meteu-o num saco e espalhou as notas na casa \u2014 precisamente para dar a ideia de que teria sido um assalto. O adolescente pegou tamb\u00e9m no telem\u00f3vel da m\u00e3e e atirou-o para a casa da vizinha.<\/p>\n<p>Deslocou-se depois para o cemit\u00e9rio, onde est\u00e3o enterrados os av\u00f3s paternos, e escondeu a alegada arma do crime na campa. Mais tarde, o pai ligou-lhe, com medo de que tivesse sido raptado. Segundo apurou o Jornal de Not\u00edcias, o adolescente estava \u201cinquieto, mas indiferente\u201d quando regressou a casa.<\/p>\n<p><strong>A Pol\u00edcia Judici\u00e1ria de Aveiro apurou, horas depois, que tinha sido o filho de 14 anos a matar a m\u00e3e<\/strong>, alegadamente por esta o \u201cchatear muito\u201d. Nunca tinha sido diagnosticada qualquer perturba\u00e7\u00e3o mental ao jovem. Por\u00e9m, no decorrer do interrogat\u00f3rio, as autoridades apontam para a possibilidade de que sofrer\u00e1 de <strong>perturba\u00e7\u00e3o obsessivo-compulsiva.<\/strong><\/p>\n<p>Quando deu entrada no centro educativo do Porto, onde foi internado por determina\u00e7\u00e3o do juiz de fam\u00edlia e menores de Aveiro, o jovem estava perturbado, assustado e arrependido da alegada pr\u00e1tica do crime.<\/p>\n<p><strong>[A 14 de janeiro de 1986 um acontecimento muda o rumo da campanha das presidenciais: a inesperada agress\u00e3o a Soares na Marinha Grande. Nas urnas, o socialista e Zenha lutam por um lugar na segunda volta frente a Freitas.\u00a0<\/strong><strong>A\u00a0<a href=\"https:\/\/observador.pt\/programas\/a-eleio-mais-louca-de-sempre\/episodio-4-portugal-nao-e-moscovo\/\" rel=\"nofollow noopener\" target=\"_blank\">\u201cElei\u00e7\u00e3o Mais Louca de Sempre\u201d<\/a>\u00a0\u00e9 o novo Podcast Plus do Observador sobre as Presidenciais de 1986. Uma s\u00e9rie narrada pelo ator Gon\u00e7alo Waddington, com banda sonora original de Samuel \u00daria. Pode ouvir\u00a0<a href=\"https:\/\/observador.pt\/programas\/a-eleio-mais-louca-de-sempre\/episodio-4-portugal-nao-e-moscovo\/\" rel=\"nofollow noopener\" target=\"_blank\">aqui<\/a>, no\u00a0Observador, e tamb\u00e9m na\u00a0<a href=\"https:\/\/podcasts.apple.com\/pt\/podcast\/epis%C3%B3dio-4-portugal-n%C3%A3o-%C3%A9-moscovo\/id1841273464?i=1000732704045\" rel=\"nofollow noopener\" target=\"_blank\">Apple Podcasts<\/a>, no\u00a0<a href=\"https:\/\/open.spotify.com\/episode\/2SQPr5qiggrruRId3AGmaa?si=4da7e55fbfa04153\" rel=\"nofollow noopener\" target=\"_blank\">Spotify<\/a>\u00a0e no\u00a0<a href=\"https:\/\/music.youtube.com\/watch?v=lwRI8iL_ZKI&amp;si=LeJjFBTc0_lsQ8FS\" rel=\"nofollow noopener\" target=\"_blank\">Youtube Music<\/a>. E pode ouvir o primeiro epis\u00f3dio\u00a0<a href=\"https:\/\/observador.pt\/programas\/a-eleio-mais-louca-de-sempre\/estreia-a-eleicao-mais-louca-de-sempre-episodio-1-apostamos-no-cavalo-errado\/\" rel=\"nofollow noopener\" target=\"_blank\">aqui<\/a>, o segundo\u00a0<a href=\"https:\/\/observador.pt\/programas\/a-eleio-mais-louca-de-sempre\/episodio-2-uma-traicao-inesperada\/\" rel=\"nofollow noopener\" target=\"_blank\">aqui<\/a>\u00a0e o terceiro\u00a0<a href=\"https:\/\/observador.pt\/programas\/a-eleio-mais-louca-de-sempre\/episodio-3-ele-nao-e-meu-irmao\/\" rel=\"nofollow noopener\" target=\"_blank\">aqui<\/a>.]<\/strong><\/p>\n<p><a href=\"https:\/\/observador.pt\/programas\/a-eleio-mais-louca-de-sempre\/episodio-4-portugal-nao-e-moscovo\/\" rel=\"nofollow noopener\" target=\"_blank\"><\/p>\n<p>        <img src=\"https:\/\/www.europesays.com\/pt\/wp-content\/uploads\/2025\/10\/770-a-eleicao-mais-louca-de-sempre-playicon.png\" alt=\"\" loading=\"lazy\" decoding=\"async\" class=\"alignnone\" onload=\"this.parentElement.classList.remove('spinner')\" onerror=\"this.parentElement.classList.remove('spinner')\" width=\"770\" height=\"433\"\/>    <\/p>\n<p><\/a><\/p>\n<p>                    <strong>Tem um minuto?<\/strong><br \/>O Observador est\u00e1 a realizar junto dos seus leitores um curto estudo de apenas quatro perguntas. <a href=\"https:\/\/observador.typeform.com\/to\/DnJJ0FZQ\" target=\"_blank\" style=\"text-decoration: underline; color:#262626;\" rel=\"nofollow noopener\">Responda aqui<\/a>.<\/p>\n","protected":false},"excerpt":{"rendered":"O jovem de 14 anos suspeito de matar a m\u00e3e, a vereadora da C\u00e2mara Municipal de Vagos Susana&hellip;\n","protected":false},"author":2,"featured_media":125020,"comment_status":"","ping_status":"","sticky":false,"template":"","format":"standard","meta":{"footnotes":""},"categories":[10],"tags":[1563,27,28,604,15,16,14,25,26,21,22,12,13,19,20,57,32,23,24,33,58,17,18,29,30,31],"class_list":{"0":"post-125019","1":"post","2":"type-post","3":"status-publish","4":"format-standard","5":"has-post-thumbnail","7":"category-portugal","8":"tag-aveiro","9":"tag-breaking-news","10":"tag-breakingnews","11":"tag-crime","12":"tag-featured-news","13":"tag-featurednews","14":"tag-headlines","15":"tag-latest-news","16":"tag-latestnews","17":"tag-main-news","18":"tag-mainnews","19":"tag-news","20":"tag-noticias","21":"tag-noticias-principais","22":"tag-noticiasprincipais","23":"tag-pau00eds","24":"tag-portugal","25":"tag-principais-noticias","26":"tag-principaisnoticias","27":"tag-pt","28":"tag-sociedade","29":"tag-top-stories","30":"tag-topstories","31":"tag-ultimas","32":"tag-ultimas-noticias","33":"tag-ultimasnoticias"},"share_on_mastodon":{"url":"https:\/\/pubeurope.com\/@pt\/115430951767503949","error":""},"_links":{"self":[{"href":"https:\/\/www.europesays.com\/pt\/wp-json\/wp\/v2\/posts\/125019","targetHints":{"allow":["GET"]}}],"collection":[{"href":"https:\/\/www.europesays.com\/pt\/wp-json\/wp\/v2\/posts"}],"about":[{"href":"https:\/\/www.europesays.com\/pt\/wp-json\/wp\/v2\/types\/post"}],"author":[{"embeddable":true,"href":"https:\/\/www.europesays.com\/pt\/wp-json\/wp\/v2\/users\/2"}],"replies":[{"embeddable":true,"href":"https:\/\/www.europesays.com\/pt\/wp-json\/wp\/v2\/comments?post=125019"}],"version-history":[{"count":0,"href":"https:\/\/www.europesays.com\/pt\/wp-json\/wp\/v2\/posts\/125019\/revisions"}],"wp:featuredmedia":[{"embeddable":true,"href":"https:\/\/www.europesays.com\/pt\/wp-json\/wp\/v2\/media\/125020"}],"wp:attachment":[{"href":"https:\/\/www.europesays.com\/pt\/wp-json\/wp\/v2\/media?parent=125019"}],"wp:term":[{"taxonomy":"category","embeddable":true,"href":"https:\/\/www.europesays.com\/pt\/wp-json\/wp\/v2\/categories?post=125019"},{"taxonomy":"post_tag","embeddable":true,"href":"https:\/\/www.europesays.com\/pt\/wp-json\/wp\/v2\/tags?post=125019"}],"curies":[{"name":"wp","href":"https:\/\/api.w.org\/{rel}","templated":true}]}}