{"id":125039,"date":"2025-10-24T20:24:16","date_gmt":"2025-10-24T20:24:16","guid":{"rendered":"https:\/\/www.europesays.com\/pt\/125039\/"},"modified":"2025-10-24T20:24:16","modified_gmt":"2025-10-24T20:24:16","slug":"sergio-sousa-pinto-comentador-da-cnn-portugal-casa-se-aos-52-anos","status":"publish","type":"post","link":"https:\/\/www.europesays.com\/pt\/125039\/","title":{"rendered":"S\u00e9rgio Sousa Pinto, comentador da CNN Portugal, casa-se aos 52 anos"},"content":{"rendered":"<p>S\u00e9rgio Sousa Pinto, antigo deputado socialista e comentador da CNN Portugal, casou-se numa cerim\u00f3nia discreta.<\/p>\n<p>Foi o comentador pol\u00edtico, de 52 anos, quem fez o an\u00fancio do casamento\u00a0com Ana nas redes sociais, partilhando alguns registos do grande dia.<\/p>\n<p>Numa das imagens \u00e9 poss\u00edvel ver as alian\u00e7as que selaram o casamento e, na outra, S\u00e9rgio Sousa Pinto surge ao lado da noiva que elegeu um vestido ao estilo combina\u00e7\u00e3o, branco, com renda, e um ramo de jarros como bouquet.<\/p>\n<p>&#8220;Casamentos \u00e0 segunda-feira&#8221;, escreveu S\u00e9rgio Sousa Pinto, que viu a caixa de coment\u00e1rios ser inundada de mensagens de felicita\u00e7\u00f5es ao casal.<\/p>\n<blockquote class=\"instagram-media\" data-instgrm-captioned=\"\" data-instgrm-permalink=\"https:\/\/www.instagram.com\/p\/DQC91SIDJ_8\/?utm_source=ig_embed&amp;utm_campaign=loading\" data-instgrm-version=\"14\" style=\" background:#FFF; border:0; border-radius:3px; box-shadow:0 0 1px 0 rgba(0,0,0,0.5),0 1px 10px 0 rgba(0,0,0,0.15); margin: 1px; max-width:540px; min-width:326px; padding:0; width:99.375%; width:-webkit-calc(100% - 2px); width:calc(100% - 2px);\">\n<\/blockquote>\n<blockquote class=\"instagram-media\" data-instgrm-captioned=\"\" data-instgrm-permalink=\"https:\/\/www.instagram.com\/p\/DQBeGBQDM2v\/?utm_source=ig_embed&amp;utm_campaign=loading\" data-instgrm-version=\"14\" style=\" background:#FFF; border:0; border-radius:3px; box-shadow:0 0 1px 0 rgba(0,0,0,0.5),0 1px 10px 0 rgba(0,0,0,0.15); margin: 1px; max-width:540px; min-width:326px; padding:0; width:99.375%; width:-webkit-calc(100% - 2px); width:calc(100% - 2px);\">\n<\/blockquote>\n<p>\u00a0<\/p>\n<p>                        <script async src=\"\/\/www.instagram.com\/embed.js\"><\/script><\/p>\n","protected":false},"excerpt":{"rendered":"S\u00e9rgio Sousa Pinto, antigo deputado socialista e comentador da CNN Portugal, casou-se numa cerim\u00f3nia discreta. Foi o comentador&hellip;\n","protected":false},"author":2,"featured_media":125040,"comment_status":"","ping_status":"","sticky":false,"template":"","format":"standard","meta":{"footnotes":""},"categories":[145],"tags":[2658,28761,211,210,608,13933,114,115,980,1015,619,32,33,1012,28760],"class_list":{"0":"post-125039","1":"post","2":"type-post","3":"status-publish","4":"format-standard","5":"has-post-thumbnail","7":"category-celebridades","8":"tag-casamentos-2025","9":"tag-casou","10":"tag-celebridades","11":"tag-celebrities","12":"tag-cnn-portugal","13":"tag-comentador","14":"tag-entertainment","15":"tag-entretenimento","16":"tag-famosos","17":"tag-instagram","18":"tag-nacional","19":"tag-portugal","20":"tag-pt","21":"tag-selfie","22":"tag-sergio-sousa-pinto"},"share_on_mastodon":{"url":"https:\/\/pubeurope.com\/@pt\/115431018513703328","error":""},"_links":{"self":[{"href":"https:\/\/www.europesays.com\/pt\/wp-json\/wp\/v2\/posts\/125039","targetHints":{"allow":["GET"]}}],"collection":[{"href":"https:\/\/www.europesays.com\/pt\/wp-json\/wp\/v2\/posts"}],"about":[{"href":"https:\/\/www.europesays.com\/pt\/wp-json\/wp\/v2\/types\/post"}],"author":[{"embeddable":true,"href":"https:\/\/www.europesays.com\/pt\/wp-json\/wp\/v2\/users\/2"}],"replies":[{"embeddable":true,"href":"https:\/\/www.europesays.com\/pt\/wp-json\/wp\/v2\/comments?post=125039"}],"version-history":[{"count":0,"href":"https:\/\/www.europesays.com\/pt\/wp-json\/wp\/v2\/posts\/125039\/revisions"}],"wp:featuredmedia":[{"embeddable":true,"href":"https:\/\/www.europesays.com\/pt\/wp-json\/wp\/v2\/media\/125040"}],"wp:attachment":[{"href":"https:\/\/www.europesays.com\/pt\/wp-json\/wp\/v2\/media?parent=125039"}],"wp:term":[{"taxonomy":"category","embeddable":true,"href":"https:\/\/www.europesays.com\/pt\/wp-json\/wp\/v2\/categories?post=125039"},{"taxonomy":"post_tag","embeddable":true,"href":"https:\/\/www.europesays.com\/pt\/wp-json\/wp\/v2\/tags?post=125039"}],"curies":[{"name":"wp","href":"https:\/\/api.w.org\/{rel}","templated":true}]}}