{"id":125066,"date":"2025-10-24T20:56:10","date_gmt":"2025-10-24T20:56:10","guid":{"rendered":"https:\/\/www.europesays.com\/pt\/125066\/"},"modified":"2025-10-24T20:56:10","modified_gmt":"2025-10-24T20:56:10","slug":"cometa-lemmon-oferece-espetaculo-astronomico-no-brasil","status":"publish","type":"post","link":"https:\/\/www.europesays.com\/pt\/125066\/","title":{"rendered":"Cometa Lemmon oferece espet\u00e1culo astron\u00f4mico no Brasil"},"content":{"rendered":"<p>Nos pr\u00f3ximos dias, o c\u00e9u do <a href=\"https:\/\/aventurasnahistoria.com.br\/noticias\/historia-hoje\/a-meia-irma-feia-estreia-hoje-no-brasil-e-revoluciona-o-conto.phtml\" target=\"_blank\" rel=\"noopener nofollow\">Brasil<\/a> se tornar\u00e1 um cen\u00e1rio privilegiado para um fen\u00f4meno astron\u00f4mico. O cometa C\/2025 A6, conhecido como cometa Lemmon, alcan\u00e7ar\u00e1 sua m\u00e1xima proximidade da <a href=\"https:\/\/aventurasnahistoria.com.br\/noticias\/historia-hoje\/metereologista-diz-que-planeta-terra-ficara-inabitavel-ate-2100.phtml\" target=\"_blank\" rel=\"noopener nofollow\">Terra<\/a>, permitindo que seja avistado a olho nu em v\u00e1rias partes do pa\u00eds. O per\u00edodo ideal para a observa\u00e7\u00e3o desse corpo celeste ser\u00e1 entre meados de outubro e o in\u00edcio de novembro.<\/p>\n<p>Descoberto em janeiro deste ano pelo Mount Lemmon Observatory, localizado no Arizona, nos <a href=\"https:\/\/aventurasnahistoria.com.br\/noticias\/historia-hoje\/estados-unidos-e-culpado-pelo-aumento-do-sarampo-nas-americas.phtml\" target=\"_blank\" rel=\"noopener nofollow\">Estados Unidos<\/a>, o cometa promete ser um dos mais brilhantes vis\u00edveis em 2025, conforme destacado pelo site especializado Star Walk. Sua luminosidade significativa facilitar\u00e1 a visualiza\u00e7\u00e3o tanto no hemisf\u00e9rio norte quanto no sul.<\/p>\n<p>Segundo o \u2018Metr\u00f3poles\u2019, o \u00e1pice do brilho do cometa est\u00e1 previsto para ocorrer na pr\u00f3xima segunda-feira, dia 27 de outubro. Contudo, fatores como a posi\u00e7\u00e3o do cometa no horizonte e a fase lunar poder\u00e3o influenciar nas condi\u00e7\u00f5es de observa\u00e7\u00e3o.<\/p>\n<p>Especialistas alertam que esta pode ser uma rara oportunidade de observar o cometa Lemmon, pois estimativas indicam que ele s\u00f3 retornar\u00e1 \u00e0 proximidade da Terra em aproximadamente 1.300 anos.<\/p>\n<p>\t Como observar? <\/p>\n<p>De acordo com informa\u00e7\u00f5es do Star Walk, o cometa come\u00e7ou a ser vis\u00edvel desde o dia 18 de outubro e permanecer\u00e1 assim at\u00e9 12 de novembro. O intervalo mais favor\u00e1vel para avist\u00e1-lo ser\u00e1 entre s\u00e1bado, 25, e ter\u00e7a-feira, 28, desta semana.<\/p>\n<p>Na segunda-feira, dia 27, os interessados ter\u00e3o uma das melhores oportunidades para observ\u00e1-lo. Em Bras\u00edlia, o cometa dever\u00e1 ser visto por volta das 18h22, desaparecendo \u00e0s 19h21. Em outras regi\u00f5es do Brasil, os hor\u00e1rios de visibilidade devem ser semelhantes.<\/p>\n<p>Ainda que seja poss\u00edvel ver o cometa a olho nu, sua apar\u00eancia ser\u00e1 a de uma estrela fraca e levemente desfocada. Para uma experi\u00eancia visual mais enriquecedora, recomenda-se o uso de bin\u00f3culos ou telesc\u00f3pios. Escolher um local escuro e afastado da polui\u00e7\u00e3o luminosa \u00e9 fundamental para uma melhor observa\u00e7\u00e3o.<\/p>\n<p>Al\u00e9m disso, utilizar aplicativos de astronomia como Star Walk e Stellarium pode ser extremamente \u00fatil para identificar a localiza\u00e7\u00e3o exata do cometa no c\u00e9u.<\/p>\n","protected":false},"excerpt":{"rendered":"Nos pr\u00f3ximos dias, o c\u00e9u do Brasil se tornar\u00e1 um cen\u00e1rio privilegiado para um fen\u00f4meno astron\u00f4mico. O cometa&hellip;\n","protected":false},"author":2,"featured_media":125067,"comment_status":"","ping_status":"","sticky":false,"template":"","format":"standard","meta":{"footnotes":""},"categories":[84],"tags":[443,726,109,107,108,28764,28765,13,28766,32,33,105,103,104,106,110],"class_list":{"0":"post-125066","1":"post","2":"type-post","3":"status-publish","4":"format-standard","5":"has-post-thumbnail","7":"category-ciencia-e-tecnologia","8":"tag-astronomia","9":"tag-brasil","10":"tag-ciencia","11":"tag-ciencia-e-tecnologia","12":"tag-cienciaetecnologia","13":"tag-cometa-lemmon","14":"tag-espetaculo","15":"tag-noticias","16":"tag-observacao","17":"tag-portugal","18":"tag-pt","19":"tag-science","20":"tag-science-and-technology","21":"tag-scienceandtechnology","22":"tag-technology","23":"tag-tecnologia"},"share_on_mastodon":{"url":"https:\/\/pubeurope.com\/@pt\/115431144318972769","error":""},"_links":{"self":[{"href":"https:\/\/www.europesays.com\/pt\/wp-json\/wp\/v2\/posts\/125066","targetHints":{"allow":["GET"]}}],"collection":[{"href":"https:\/\/www.europesays.com\/pt\/wp-json\/wp\/v2\/posts"}],"about":[{"href":"https:\/\/www.europesays.com\/pt\/wp-json\/wp\/v2\/types\/post"}],"author":[{"embeddable":true,"href":"https:\/\/www.europesays.com\/pt\/wp-json\/wp\/v2\/users\/2"}],"replies":[{"embeddable":true,"href":"https:\/\/www.europesays.com\/pt\/wp-json\/wp\/v2\/comments?post=125066"}],"version-history":[{"count":0,"href":"https:\/\/www.europesays.com\/pt\/wp-json\/wp\/v2\/posts\/125066\/revisions"}],"wp:featuredmedia":[{"embeddable":true,"href":"https:\/\/www.europesays.com\/pt\/wp-json\/wp\/v2\/media\/125067"}],"wp:attachment":[{"href":"https:\/\/www.europesays.com\/pt\/wp-json\/wp\/v2\/media?parent=125066"}],"wp:term":[{"taxonomy":"category","embeddable":true,"href":"https:\/\/www.europesays.com\/pt\/wp-json\/wp\/v2\/categories?post=125066"},{"taxonomy":"post_tag","embeddable":true,"href":"https:\/\/www.europesays.com\/pt\/wp-json\/wp\/v2\/tags?post=125066"}],"curies":[{"name":"wp","href":"https:\/\/api.w.org\/{rel}","templated":true}]}}