{"id":125081,"date":"2025-10-24T21:14:53","date_gmt":"2025-10-24T21:14:53","guid":{"rendered":"https:\/\/www.europesays.com\/pt\/125081\/"},"modified":"2025-10-24T21:14:53","modified_gmt":"2025-10-24T21:14:53","slug":"ventos-abregos-poderao-chegar-a-portugal-pouco-depois","status":"publish","type":"post","link":"https:\/\/www.europesays.com\/pt\/125081\/","title":{"rendered":"ventos \u00e1bregos poder\u00e3o chegar a Portugal pouco depois"},"content":{"rendered":"<p> <img decoding=\"async\" fetchpriority=\"high\" src=\"https:\/\/www.europesays.com\/pt\/wp-content\/uploads\/2025\/10\/dailymotion-x9skfek_1024.jpg\"  width=\"768\" height=\"432\" id=\"x9skfek\"\/>  <\/p>\n<p>A previs\u00e3o do tempo mudou radicalmente. Agora, os mapas antecipam o dom\u00ednio dos ventos \u00e1bregos, que se traduziriam na chegada de mais chuva abundante e vento forte a Portugal continental na \u00faltima semana de outubro.<\/p>\n<p>    <img decoding=\"async\" fetchpriority=\"high\" src=\"https:\/\/www.europesays.com\/pt\/wp-content\/uploads\/2025\/10\/alfredo-graca.jpg\" alt=\"Alfredo Gra\u00e7a\" width=\"40\" height=\"40\"\/>    <a class=\"nombre text-hv\" href=\"https:\/\/www.tempo.pt\/autor\/alfredo-graca\/\" title=\"Alfredo Gra\u00e7a\" rel=\"nofollow noopener\" target=\"_blank\">Alfredo Gra\u00e7a<\/a>        23\/10\/2025 17:37   8 min   <\/p>\n<p>Esta semana o estado do <strong>tempo em Portugal continental<\/strong> tem vindo a ser condicionado pela passagem de sucessivas <strong>frentes<\/strong> associadas a depress\u00f5es atl\u00e2nticas, a \u00faltima delas, <strong>a depress\u00e3o Benjamin<\/strong>, que trouxe <strong>chuva e vento forte na noite de quarta (22) para quinta-feira (23)<\/strong>. Com maior ou menor intensidade, o panorama de precipita\u00e7\u00e3o e c\u00e9u muito nublado tem persistido, resultando em condi\u00e7\u00f5es meteorol\u00f3gicas de muita humidade e instabilidade.<\/p>\n<p><strong>No v\u00eddeo<\/strong><br \/>A presente configura\u00e7\u00e3o sin\u00f3ptica traduz-se numa ampla faixa de centros de baixa press\u00f5es (principais e secund\u00e1rios) situados entre a Isl\u00e2ndia e a R\u00fassia, e na presen\u00e7a de altas press\u00f5es temporariamente mais deslocadas para sul. <\/p>\n<p><strong>Entre as baixas press\u00f5es a norte e as altas press\u00f5es a sul, t\u00eam vindo a ser canalizados sucessivos rios de humidade transportados pelos ventos de Oeste em dire\u00e7\u00e3o \u00e0 Pen\u00ednsula Ib\u00e9rica, respons\u00e1veis pelo tempo abafado, h\u00famido e chuvoso que temos sentido, em particular nas Regi\u00f5es Norte e Centro de Portugal continental.<\/strong><\/p>\n<p>Nos pr\u00f3ximos dias este panorama meteorol\u00f3gico vai manter-se. Entre o que resta desta quinta-feira (23) e<strong> at\u00e9 domingo, 26 de outubro, o estado do tempo em Portugal continental continuar\u00e1 a ser condicionado pelos ventos de Oeste<\/strong>, que arrastam uma massa de ar com conte\u00fado elevado em vapor de \u00e1gua <strong>(rio atmosf\u00e9rico)<\/strong>, o que dar\u00e1 origem a mais per\u00edodos de chuva forte e persistente, especialmente na<strong> sexta-feira (24) e no s\u00e1bado (25)<\/strong>.<\/p>\n<p><img loading=\"lazy\" decoding=\"async\" fetchpriority=\"low\" class=\"lazy \" src=\"https:\/\/www.europesays.com\/pt\/wp-content\/uploads\/2025\/10\/previsao-muda-para-o-que-vira-depois-da-depressao-benjamin-os-ventos-abregos-poderao-chegar-a-portug.png\"  width=\"768\" height=\"432\" data-image=\"bc9lcvc56hql\"\/>Em termos de \u00e1rea geogr\u00e1fica abrangida, a Regi\u00e3o Centro \u00e9 a regi\u00e3o que poder\u00e1 acumular mais chuva at\u00e9 \u00e0s \u00faltimas horas de domingo, 26 de outubro.<\/p>\n<p>Nestes pr\u00f3ximos dias <strong>a Regi\u00e3o Centro \u00e9 a que tem maior probabilidade de registar acumulados de precipita\u00e7\u00e3o mais elevados (entre 50 e 70 mm)<\/strong>, logo seguida da Regi\u00e3o Norte. Para domingo (26) prev\u00ea-se uma estabiliza\u00e7\u00e3o das condi\u00e7\u00f5es meteorol\u00f3gicas no Norte e no Centro, uma vez que o sistema frontal se deslocar\u00e1 para a Regi\u00e3o Sul, onde a chuva poder\u00e1 ser temporariamente mais forte neste dia at\u00e9 ao in\u00edcio da tarde. <\/p>\n<p>Mapas previam tempo est\u00e1vel e soalheiro a partir de domingo, dia 26, mas o cen\u00e1rio alterou radicalmente<\/p>\n<p>Ap\u00f3s a depress\u00e3o Benjamin e os rios atmosf\u00e9ricos que continuar\u00e3o &#8211; grosso modo &#8211; at\u00e9 s\u00e1bado (25), <strong>os mapas previam a mudan\u00e7a para um tempo seco, soalheiro e est\u00e1vel, embora com temperaturas mais frias a partir de domingo, 26 de outubro<\/strong>.<\/p>\n<p>Seja o primeiro a receber as previs\u00f5es gra\u00e7as ao <strong><a href=\"https:\/\/www.whatsapp.com\/channel\/0029VaxX6njIyPtRY4lOMd1b\" target=\"_blank\" rel=\"nofollow noopener\">nosso canal do WhatsApp<\/a><\/strong>. Siga-nos e ative as notifica\u00e7\u00f5es.<\/p>\n<p>Por\u00e9m, as mais recentes atualiza\u00e7\u00f5es das cartas do modelo determinista do ECMWF revelam uma <strong>mudan\u00e7a dr\u00e1stica nas previs\u00f5es<\/strong>, antecipando a continuidade do <strong>tempo chuvoso, muito h\u00famido e inst\u00e1vel durante praticamente toda a semana vindoura, com alguns poucos per\u00edodos de estabilidade<\/strong>.<\/p>\n<p>Se as atuais previs\u00f5es dos mapas de refer\u00eancia da Meteored se cumprirem, <strong>segunda-feira, 27 de outubro, seria o \u00fanico dia da pr\u00f3xima semana com aus\u00eancia de chuva no Norte e Centro de Portugal continental<\/strong> (embora essa possibilidade esteja prevista para o Baixo Alentejo e Algarve).<\/p>\n<p>Ventos \u00e1bregos poder\u00e3o impor-se a partir da pr\u00f3xima quarta-feira, 29 de outubro<\/p>\n<p>Para <strong>ter\u00e7a-feira (28)<\/strong> vislumbra-se a possibilidade das primeiras linhas de instabilidade associadas a uma depress\u00e3o formada a oeste do nosso pa\u00eds, come\u00e7arem a <strong>regar as regi\u00f5es situadas a sul do Tejo<\/strong>, com a chuva a estender-se para norte e <strong>a afetar todo o pa\u00eds na quarta (29) e na quinta-feira (30)<\/strong>.<\/p>\n<p><img loading=\"lazy\" decoding=\"async\" fetchpriority=\"low\" class=\"lazy \" src=\"https:\/\/www.europesays.com\/pt\/wp-content\/uploads\/2025\/10\/1761340492_850_previsao-muda-para-o-que-vira-depois-da-depressao-benjamin-os-ventos-abregos-poderao-chegar-a-portug.png\"  width=\"768\" height=\"432\" data-image=\"b0bksc5y0iz2\"\/>Na pr\u00f3xima ter\u00e7a-feira, 28 de outubro, preveem-se os primeiros pingos de chuva gerados pela aproxima\u00e7\u00e3o de uma nova depress\u00e3o atl\u00e2ntica, que se formar\u00e1 a oeste de Portugal continental e que contornar\u00e1 o flanco meridional de um anticiclone situado a norte dos A\u00e7ores.<\/p>\n<p><strong>Na quarta (29) e na quinta (30)<\/strong> a depress\u00e3o atl\u00e2ntica, potencialmente alimentada por um novo rio atmosf\u00e9rico carregad\u00edssimo de humidade, ficaria relativamente estacion\u00e1ria sobre o nosso pa\u00eds, gerando <strong>v\u00e1rios per\u00edodos de chuva persistente e moderada, por vezes forte, o que poderia consequentemente gerar inunda\u00e7\u00f5es<\/strong>. Para este cen\u00e1rio contribuiriam os chamados <strong>ventos \u00e1bregos<\/strong>, que come\u00e7ariam a impor-se no nosso pa\u00eds a partir de quarta (29).<\/p>\n<p><strong>O que s\u00e3o ventos \u00e1bregos?<\/strong><br \/>Os \u00e1bregos s\u00e3o ventos quentes e h\u00famidos do quadrante Sul (normalmente de Sudoeste) que provocam normalmente chuvas fortes, sobretudo na metade ocidental da Pen\u00ednsula Ib\u00e9rica e com particular \u00eanfase na sua fachada atl\u00e2ntica, isto \u00e9, em Portugal continental e na Galiza.<\/p>\n<p>Indo mais al\u00e9m, <strong>entre sexta (31) e domingo (2)<\/strong>, os nossos mapas contemplam a possibilidade de os <strong>ventos \u00e1bregos<\/strong> (ou \u201cchuvosos\u201d) sofrerem uma intensifica\u00e7\u00e3o em toda a geografia de Portugal continental, deixando <strong>rajadas significativamente mais fortes do que nos dias anteriores e ainda mais per\u00edodos de chuva abundante e persistente<\/strong>.<\/p>\n<p><img loading=\"lazy\" decoding=\"async\" fetchpriority=\"low\" class=\"lazy \" src=\"https:\/\/www.europesays.com\/pt\/wp-content\/uploads\/2025\/10\/1761340493_584_previsao-muda-para-o-que-vira-depois-da-depressao-benjamin-os-ventos-abregos-poderao-chegar-a-portug.png\"  width=\"768\" height=\"432\" data-image=\"xxjxp9wsm0fi\"\/>A j\u00e1 referida depress\u00e3o atl\u00e2ntica e o seu centro (1007 hPa), cada vez mais pr\u00f3ximo de Portugal continental, na pr\u00f3xima quarta-feira, 29 de outubro. A precipita\u00e7\u00e3o poder\u00e1 ser alimentada por novos rios de humidade, transportados pelos ventos de Sudoeste (ou \u00e1bregos).<\/p>\n<p>\u00c9 preciso relembrar que, devido \u00e0 dist\u00e2ncia temporal da previs\u00e3o, <strong>prevalece uma enorme incerteza em rela\u00e7\u00e3o \u00e0 intensidade e distribui\u00e7\u00e3o, quer da chuva, quer do vento<\/strong>. Quaisquer ajustes no posicionamento e trajet\u00f3ria dos centros de a\u00e7\u00e3o atmosf\u00e9rica &#8211; como as depress\u00f5es e os anticiclones &#8211; poder\u00e3o influenciar as atuais previs\u00f5es, pelo que deve sempre ter em conta <strong>a possibilidade de altera\u00e7\u00f5es consider\u00e1veis em rela\u00e7\u00e3o ao estado do tempo nas datas aqui mencionadas<\/strong>.<\/p>\n<p><a class=\"imagen \" href=\"https:\/\/www.tempo.pt\/noticias\/previsao\/amanha-vai-chover-nestas-4-regioes-de-portugal-ate-28-mm-em-abrantes.html\" title=\"Amanh\u00e3 vai chover nestas 4 regi\u00f5es de Portugal: at\u00e9 28 mm em Abrantes\" rel=\"nofollow noopener\" target=\"_blank\"><img loading=\"lazy\" decoding=\"async\" fetchpriority=\"low\" class=\"lazy img-body non-editable\" src=\"https:\/\/www.europesays.com\/pt\/wp-content\/uploads\/2025\/10\/amanha-vai-chover-nestas-4-regioes-de-portugal-ate-28-mm-em-abrantes-1761224760915_320.jpg\"  width=\"320\" height=\"225\" alt=\"Amanh\u00e3 vai chover nestas 4 regi\u00f5es de Portugal: at\u00e9 28 mm em Abrantes\"\/><\/a><\/p>\n<p>Dado o horizonte temporal de previs\u00e3o &#8211; superior a uma semana &#8211; <strong>ainda n\u00e3o \u00e9 poss\u00edvel confirmar ou descartar a ocorr\u00eancia deste cen\u00e1rio meteorol\u00f3gico<\/strong>, nem quantificar os valores de precipita\u00e7\u00e3o acumulada ou de rajadas de vento com precis\u00e3o, uma vez que os modelos podem estar a \u201cpecar por excesso\u201d. Por\u00e9m, \u00e9 importante <strong>ter em conta esta tend\u00eancia de tempo muito chuvoso<\/strong>,<strong> acompanhado de rajadas de vento muito intensas para a semana vindoura<\/strong>.<\/p>\n<p>Desse lado, mantenha-se atento \u00e0s pr\u00f3ximas previs\u00f5es da Meteored para <strong>estar a par dos ajustes que o tempo em Portugal para a semana de 27 de outubro a 2 de novembro<\/strong> possa eventualmente sofrer.<\/p>\n","protected":false},"excerpt":{"rendered":"A previs\u00e3o do tempo mudou radicalmente. Agora, os mapas antecipam o dom\u00ednio dos ventos \u00e1bregos, que se traduziriam&hellip;\n","protected":false},"author":2,"featured_media":125082,"comment_status":"","ping_status":"","sticky":false,"template":"","format":"standard","meta":{"footnotes":""},"categories":[8],"tags":[27,28,2139,1531,15,16,14,25,26,21,22,606,12,13,19,20,32,1429,23,24,33,16302,12325,4116,17,18,29,30,31,9417,28768],"class_list":{"0":"post-125081","1":"post","2":"type-post","3":"status-publish","4":"format-standard","5":"has-post-thumbnail","7":"category-principais-noticias","8":"tag-breaking-news","9":"tag-breakingnews","10":"tag-chuva","11":"tag-depressao","12":"tag-featured-news","13":"tag-featurednews","14":"tag-headlines","15":"tag-latest-news","16":"tag-latestnews","17":"tag-main-news","18":"tag-mainnews","19":"tag-meteorologia","20":"tag-news","21":"tag-noticias","22":"tag-noticias-principais","23":"tag-noticiasprincipais","24":"tag-portugal","25":"tag-previsao-do-tempo","26":"tag-principais-noticias","27":"tag-principaisnoticias","28":"tag-pt","29":"tag-rio-atmosferico","30":"tag-tempo-proxima-semana","31":"tag-tempo-proximos-dias","32":"tag-top-stories","33":"tag-topstories","34":"tag-ultimas","35":"tag-ultimas-noticias","36":"tag-ultimasnoticias","37":"tag-vento","38":"tag-ventos-abregos"},"share_on_mastodon":{"url":"https:\/\/pubeurope.com\/@pt\/115431219356669946","error":""},"_links":{"self":[{"href":"https:\/\/www.europesays.com\/pt\/wp-json\/wp\/v2\/posts\/125081","targetHints":{"allow":["GET"]}}],"collection":[{"href":"https:\/\/www.europesays.com\/pt\/wp-json\/wp\/v2\/posts"}],"about":[{"href":"https:\/\/www.europesays.com\/pt\/wp-json\/wp\/v2\/types\/post"}],"author":[{"embeddable":true,"href":"https:\/\/www.europesays.com\/pt\/wp-json\/wp\/v2\/users\/2"}],"replies":[{"embeddable":true,"href":"https:\/\/www.europesays.com\/pt\/wp-json\/wp\/v2\/comments?post=125081"}],"version-history":[{"count":0,"href":"https:\/\/www.europesays.com\/pt\/wp-json\/wp\/v2\/posts\/125081\/revisions"}],"wp:featuredmedia":[{"embeddable":true,"href":"https:\/\/www.europesays.com\/pt\/wp-json\/wp\/v2\/media\/125082"}],"wp:attachment":[{"href":"https:\/\/www.europesays.com\/pt\/wp-json\/wp\/v2\/media?parent=125081"}],"wp:term":[{"taxonomy":"category","embeddable":true,"href":"https:\/\/www.europesays.com\/pt\/wp-json\/wp\/v2\/categories?post=125081"},{"taxonomy":"post_tag","embeddable":true,"href":"https:\/\/www.europesays.com\/pt\/wp-json\/wp\/v2\/tags?post=125081"}],"curies":[{"name":"wp","href":"https:\/\/api.w.org\/{rel}","templated":true}]}}