{"id":125085,"date":"2025-10-24T21:29:34","date_gmt":"2025-10-24T21:29:34","guid":{"rendered":"https:\/\/www.europesays.com\/pt\/125085\/"},"modified":"2025-10-24T21:29:34","modified_gmt":"2025-10-24T21:29:34","slug":"aviao-cai-durante-decolagem-na-venezuela-e-deixa-dois-mortos-video","status":"publish","type":"post","link":"https:\/\/www.europesays.com\/pt\/125085\/","title":{"rendered":"Avi\u00e3o cai durante decolagem na Venezuela e deixa dois mortos; v\u00eddeo"},"content":{"rendered":"\n<p class=\" content-text__container theme-color-primary-first-letter\" data-track-category=\"Link no Texto\" data-track-links=\"\"> Uma aeronave modelo PAY1, matr\u00edcula YV1443, caiu nesta quarta-feira (22) durante a decolagem no Aeroporto de Paramillo, no estado venezuelano de T\u00e1chira, pr\u00f3ximo \u00e0 fronteira com a Col\u00f4mbia. De acordo com o Instituto Nacional de Aeron\u00e1utica Civil da Venezuela (INAC), os dois tripulantes a bordo morreram no acidente, que provocou um inc\u00eandio e destruiu completamente o avi\u00e3o. <\/p>\n<ul class=\"content-unordered-list\">\n<li><strong>Leia tamb\u00e9m:<\/strong><a class=\"\" href=\"https:\/\/oglobo.globo.com\/mundo\/noticia\/2025\/10\/23\/russia-diz-ser-imune-a-sancoes-dos-eua-ao-petroleo-e-alerta-para-impacto-na-guerra-da-ucrania.ghtml\" rel=\"nofollow noopener\" target=\"_blank\"><strong> R\u00fassia diz ser imune a san\u00e7\u00f5es dos EUA ao petr\u00f3leo e alerta para impacto na guerra da Ucr\u00e2nia<\/strong><\/a><\/li>\n<\/ul>\n<p class=\" content-text__container \" data-track-category=\"Link no Texto\" data-track-links=\"\"> O INAC informou, em comunicado divulgado no Instagram, que \u201cos protocolos correspondentes e as a\u00e7\u00f5es dos Bombeiros Aeron\u00e1uticos do referido aeroporto foram imediatamente acionados para atender ao acidente\u201d. O Conselho de Investiga\u00e7\u00e3o de Acidentes de Avia\u00e7\u00e3o Civil (JIAAC) foi mobilizado para determinar as causas da queda, que ocorreu nos primeiros segundos da decolagem. <\/p>\n<p class=\" content-text__container \" data-track-category=\"Link no Texto\" data-track-links=\"\"> V\u00eddeos e relatos publicados nas redes sociais mostram que a aeronave chegou a levantar voo, mas perdeu estabilidade logo em seguida, desviou para o lado e caiu na pista, gerando uma explos\u00e3o seguida de uma grande bola de fogo. As v\u00edtimas foram identificadas extraoficialmente como os pilotos Toni Bortone e Juan Maldonado. <\/p>\n<p class=\" content-text__container \" data-track-category=\"Link no Texto\" data-track-links=\"\"> Segundo o Infobae, fontes relataram \u00e0 imprensa venezuelana que um poss\u00edvel estouro de pneu durante a decolagem pode ter contribu\u00eddo para o acidente. As autoridades, no entanto, afirmam que apenas a investiga\u00e7\u00e3o oficial do JIAAC poder\u00e1 confirmar se houve falha mec\u00e2nica, erro humano ou interfer\u00eancia externa. Equipes dos Bombeiros, da Prote\u00e7\u00e3o Civil de T\u00e1chira e da Pol\u00edcia Nacional Bolivariana atuaram no local para conter o inc\u00eandio e isolar a \u00e1rea. <\/p>\n<p class=\" content-text__container \" data-track-category=\"Link no Texto\" data-track-links=\"\"> O presidente do Banco Sofitasa, Jos\u00e9 Mar\u00eda Nogueroles, confirmou que era dono da aeronave acidentada. Em entrevista \u00e0 imprensa, ele disse ter usado o avi\u00e3o um dia antes para uma viagem a Apure. \u201cOntem estive em Guasdualito e San Fernando de Apure. Voltei ao Aeroporto de Paramillo \u00e0s 17h. Hoje mesmo, os pilotos que me trouxeram sofreram o acidente aqui\u201d, declarou. <\/p>\n","protected":false},"excerpt":{"rendered":"Uma aeronave modelo PAY1, matr\u00edcula YV1443, caiu nesta quarta-feira (22) durante a decolagem no Aeroporto de Paramillo, no&hellip;\n","protected":false},"author":2,"featured_media":125086,"comment_status":"","ping_status":"","sticky":false,"template":"","format":"standard","meta":{"footnotes":""},"categories":[8],"tags":[27,28,15,16,319,14,25,26,21,22,12,13,19,20,32,23,24,33,318,17,18,29,30,31],"class_list":{"0":"post-125085","1":"post","2":"type-post","3":"status-publish","4":"format-standard","5":"has-post-thumbnail","7":"category-principais-noticias","8":"tag-breaking-news","9":"tag-breakingnews","10":"tag-featured-news","11":"tag-featurednews","12":"tag-hard-news","13":"tag-headlines","14":"tag-latest-news","15":"tag-latestnews","16":"tag-main-news","17":"tag-mainnews","18":"tag-news","19":"tag-noticias","20":"tag-noticias-principais","21":"tag-noticiasprincipais","22":"tag-portugal","23":"tag-principais-noticias","24":"tag-principaisnoticias","25":"tag-pt","26":"tag-radar","27":"tag-top-stories","28":"tag-topstories","29":"tag-ultimas","30":"tag-ultimas-noticias","31":"tag-ultimasnoticias"},"share_on_mastodon":{"url":"https:\/\/pubeurope.com\/@pt\/115431274158404785","error":""},"_links":{"self":[{"href":"https:\/\/www.europesays.com\/pt\/wp-json\/wp\/v2\/posts\/125085","targetHints":{"allow":["GET"]}}],"collection":[{"href":"https:\/\/www.europesays.com\/pt\/wp-json\/wp\/v2\/posts"}],"about":[{"href":"https:\/\/www.europesays.com\/pt\/wp-json\/wp\/v2\/types\/post"}],"author":[{"embeddable":true,"href":"https:\/\/www.europesays.com\/pt\/wp-json\/wp\/v2\/users\/2"}],"replies":[{"embeddable":true,"href":"https:\/\/www.europesays.com\/pt\/wp-json\/wp\/v2\/comments?post=125085"}],"version-history":[{"count":0,"href":"https:\/\/www.europesays.com\/pt\/wp-json\/wp\/v2\/posts\/125085\/revisions"}],"wp:featuredmedia":[{"embeddable":true,"href":"https:\/\/www.europesays.com\/pt\/wp-json\/wp\/v2\/media\/125086"}],"wp:attachment":[{"href":"https:\/\/www.europesays.com\/pt\/wp-json\/wp\/v2\/media?parent=125085"}],"wp:term":[{"taxonomy":"category","embeddable":true,"href":"https:\/\/www.europesays.com\/pt\/wp-json\/wp\/v2\/categories?post=125085"},{"taxonomy":"post_tag","embeddable":true,"href":"https:\/\/www.europesays.com\/pt\/wp-json\/wp\/v2\/tags?post=125085"}],"curies":[{"name":"wp","href":"https:\/\/api.w.org\/{rel}","templated":true}]}}