{"id":125108,"date":"2025-10-24T22:00:58","date_gmt":"2025-10-24T22:00:58","guid":{"rendered":"https:\/\/www.europesays.com\/pt\/125108\/"},"modified":"2025-10-24T22:00:58","modified_gmt":"2025-10-24T22:00:58","slug":"nao-ha-espaco-para-quatro-operadoras-em-portugal-diz-ceo-da-vodafone","status":"publish","type":"post","link":"https:\/\/www.europesays.com\/pt\/125108\/","title":{"rendered":"&#8220;N\u00e3o h\u00e1 espa\u00e7o&#8221; para quatro operadoras em Portugal, diz CEO da Vodafone"},"content":{"rendered":"<p class=\"wp-caption-text top\"><a href=\"https:\/\/depositphotos.com\/editorial\/street-signage-board-with-vodafone-logo-blurred-office-center-and-walking-people-background-editorial-3d-130066620.html\" rel=\"nofollow noopener noreferrer\" data-wpel-link=\"exclude\" target=\"_blank\">alexeynovikov  \/ Depositphotos <\/a><\/p>\n<p><img decoding=\"async\" loading=\"lazy\" class=\"wp-image-707623 size-kopa-image-size-3\" src=\"https:\/\/www.europesays.com\/pt\/wp-content\/uploads\/2025\/10\/92f0aa16d33aad351ca19077e9d6f7ff-783x450.jpg\" alt=\"\" width=\"700\" height=\"402\"  \/><\/p>\n<p><strong>O setor ou consolida, ou alguma operadora fecha portas, diz Lu\u00eds Lopes.\u00a0 Por um lado, a Vodafone \u00e9 um ativo \u201capetec\u00edvel\u201d; por outro, tem uma posi\u00e7\u00e3o \u201cforte\u201d no mercado, que o torna potencial compradora.<\/strong><\/p>\n<p>O presidente executivo (CEO) da Vodafone Portugal, <strong>Lu\u00eds Lopes<\/strong>, considerou esta quinta-feira que, a longo prazo, n\u00e3o h\u00e1 mercado em Portugal para quatro operadores de telecomunica\u00e7\u00f5es.<\/p>\n<p>\u201cSe me perguntarem a longo prazo, n\u00e3o acredito, <strong>n\u00e3o h\u00e1 mercado em Portugal para quatro operadores<\/strong>\u201c, afirmou o gestor, num encontro com jornalistas na sede da empresa no Parque das Na\u00e7\u00f5es, em Lisboa, a prop\u00f3sito da celebra\u00e7\u00e3o dos 33 anos da empresa, que \u201c<strong>ou consolida ou fecha portas<\/strong>, alguma coisa h\u00e1-de ter de acontecer\u201d, prosseguiu Lu\u00eds Lopes.<\/p>\n<p>\u00c9 a escala que faz com que os operadores sejam mais competitivos, explica o CEO. Questionado sobre a posi\u00e7\u00e3o da operadora \u2013 <strong>se consolida ou \u00e9 consolidada<\/strong> \u2013\u00a0 recordou que a Vodafone Portugal \u00e9 um <strong>ativo apetec\u00edvel<\/strong>\u201d \u2014 mas, por outro lado,\u00a0 essa posi\u00e7\u00e3o forte coloca-a na posi\u00e7\u00e3o de <strong>potencial consolidadora<\/strong>.<\/p>\n<p>\u201cA Vodafone, pela posi\u00e7\u00e3o que tem em Portugal \u2014 tem uma posi\u00e7\u00e3o muito forte \u2014 <strong>\u00e9 um ativo muito apetec\u00edvel, na minha opini\u00e3o<\/strong>. Mas essa posi\u00e7\u00e3o forte tamb\u00e9m a coloca numa posi\u00e7\u00e3o de potencial consolidador, tal como tent\u00e1mos fazer h\u00e1 dois anos\u201d, acrescentou, referindo-se \u00e0 <a href=\"https:\/\/zap.aeiou.pt\/vodafone-compra-nowo-500560\" data-wpel-link=\"internal\" rel=\"nofollow noopener\" target=\"_blank\">tentativa de compra da Nowo<\/a>, que n\u00e3o mereceu o aval da Autoridade da Concorr\u00eancia.<\/p>\n<p>A Nowo viria, em 2024, a ser <a href=\"https:\/\/zap.aeiou.pt\/digi-compra-nowo-telecomunicacoes-portugal-618474\" data-wpel-link=\"internal\" rel=\"nofollow noopener\" target=\"_blank\">adquirida pela Digi<\/a>, que com a opera\u00e7\u00e3o se consolidou em Portugal como <strong>quarto operador de telecomunica\u00e7\u00f5es<\/strong>, atr\u00e1s da Vodafone, Altice e NOS.<\/p>\n<p>\u201c<strong>A maior parte dos pa\u00edses t\u00eam tr\u00eas operadores<\/strong>, Portugal fez licen\u00e7as para ter cinco, <strong>a meio do jogo o quinto operador desistiu<\/strong> e quis ser comprado inicialmente por n\u00f3s, n\u00e3o foi poss\u00edvel e foi adquirido por outro, passando a quatro\u201d, recorda o CEO.<\/p>\n<p>\u201c<strong>Na Europa h\u00e1 um problema estrutural<\/strong>, porque n\u00e3o tem operadores com escala suficiente que possam fazer face aos desafios que outros operadores, nomeadamente em economias asi\u00e1ticas e a norte-americana t\u00eam\u201d, acrescenta.<\/p>\n<p>Ou seja, \u201cesses operadores operam com <strong>escalas que lhes permitem efici\u00eancias<\/strong> muito superiores, portanto conseguem produzir retorno que lhes permite ser muito mais r\u00e1pidos e mais capazes de investir\u201d, conclui.<\/p>\n<p>    <a href=\"https:\/\/zap.aeiou.pt\/subscrever-newsletter\" data-wpel-link=\"internal\" rel=\"nofollow noopener\" target=\"_blank\">&#13;<br \/>\n        <img loading=\"lazy\" decoding=\"async\" class=\"aligncenter size-full wp-image-575475\" src=\"https:\/\/www.europesays.com\/pt\/wp-content\/uploads\/2025\/10\/1759862234_971_2d51fe4a0ba54894421ead1809309ed9-1-450x140.jpg\" alt=\"Subscreva a Newsletter ZAP\" width=\"450\" height=\"140\"\/>&#13;<br \/>\n    <\/a><\/p>\n<p>                <a href=\"https:\/\/whatsapp.com\/channel\/0029VaIC4EE2f3EJZPPSbR34\" data-wpel-link=\"external\" target=\"_blank\" rel=\"nofollow external noopener noreferrer\" class=\"ext-link\">&#13;<br \/>\n                    <img loading=\"lazy\" decoding=\"async\" class=\"aligncenter size-full wp-image-575475\" src=\"https:\/\/www.europesays.com\/pt\/wp-content\/uploads\/2025\/10\/1759862234_512_c68c559d956d4ca20f435ed74a6e71e6.png\" alt=\"Siga-nos no WhatsApp\" width=\"175\" height=\"64\"\/>&#13;<br \/>\n                <\/a><\/p>\n<p>                <a href=\"https:\/\/news.google.com\/publications\/CAAiEHRwZondIV71PDjWNoqMduEqFAgKIhB0cGaJ3SFe9Tw41jaKjHbh?hl=en-US&amp;gl=US&amp;ceid=US%3Aen\" data-wpel-link=\"external\" target=\"_blank\" rel=\"nofollow external noopener noreferrer\" class=\"ext-link\">&#13;<br \/>\n                    <img loading=\"lazy\" decoding=\"async\" class=\"aligncenter size-full wp-image-575475\" src=\"https:\/\/www.europesays.com\/pt\/wp-content\/uploads\/2025\/10\/1759862235_242_5123dd8b087b644fdb8f8603acd1bad4.png\" alt=\"Siga-nos no Google News\" width=\"176\" height=\"64\"\/>&#13;<br \/>\n                <\/a><\/p>\n","protected":false},"excerpt":{"rendered":"alexeynovikov \/ Depositphotos O setor ou consolida, ou alguma operadora fecha portas, diz Lu\u00eds Lopes.\u00a0 Por um lado,&hellip;\n","protected":false},"author":2,"featured_media":125109,"comment_status":"","ping_status":"","sticky":false,"template":"","format":"standard","meta":{"footnotes":""},"categories":[83],"tags":[88,476,89,90,551,97,32,33,8649,17361],"class_list":{"0":"post-125108","1":"post","2":"type-post","3":"status-publish","4":"format-standard","5":"has-post-thumbnail","7":"category-empresas","8":"tag-business","9":"tag-economia","10":"tag-economy","11":"tag-empresas","12":"tag-marcas","13":"tag-mercados","14":"tag-portugal","15":"tag-pt","16":"tag-telecomunicacoes","17":"tag-vodafone"},"share_on_mastodon":{"url":"https:\/\/pubeurope.com\/@pt\/115431400141413318","error":""},"_links":{"self":[{"href":"https:\/\/www.europesays.com\/pt\/wp-json\/wp\/v2\/posts\/125108","targetHints":{"allow":["GET"]}}],"collection":[{"href":"https:\/\/www.europesays.com\/pt\/wp-json\/wp\/v2\/posts"}],"about":[{"href":"https:\/\/www.europesays.com\/pt\/wp-json\/wp\/v2\/types\/post"}],"author":[{"embeddable":true,"href":"https:\/\/www.europesays.com\/pt\/wp-json\/wp\/v2\/users\/2"}],"replies":[{"embeddable":true,"href":"https:\/\/www.europesays.com\/pt\/wp-json\/wp\/v2\/comments?post=125108"}],"version-history":[{"count":0,"href":"https:\/\/www.europesays.com\/pt\/wp-json\/wp\/v2\/posts\/125108\/revisions"}],"wp:featuredmedia":[{"embeddable":true,"href":"https:\/\/www.europesays.com\/pt\/wp-json\/wp\/v2\/media\/125109"}],"wp:attachment":[{"href":"https:\/\/www.europesays.com\/pt\/wp-json\/wp\/v2\/media?parent=125108"}],"wp:term":[{"taxonomy":"category","embeddable":true,"href":"https:\/\/www.europesays.com\/pt\/wp-json\/wp\/v2\/categories?post=125108"},{"taxonomy":"post_tag","embeddable":true,"href":"https:\/\/www.europesays.com\/pt\/wp-json\/wp\/v2\/tags?post=125108"}],"curies":[{"name":"wp","href":"https:\/\/api.w.org\/{rel}","templated":true}]}}