{"id":125110,"date":"2025-10-24T22:05:15","date_gmt":"2025-10-24T22:05:15","guid":{"rendered":"https:\/\/www.europesays.com\/pt\/125110\/"},"modified":"2025-10-24T22:05:15","modified_gmt":"2025-10-24T22:05:15","slug":"trump-expulsa-cantora-anitta-dos-eua-e-proibe-regresso-observador","status":"publish","type":"post","link":"https:\/\/www.europesays.com\/pt\/125110\/","title":{"rendered":"Trump expulsa cantora Anitta dos EUA e pro\u00edbe regresso? \u2013 Observador"},"content":{"rendered":"<p>Uma s\u00e9rie de publica\u00e7\u00f5es nas redes sociais garantem que Donald Trump decidiu expulsar a cantora Anitta dos Estados Unidos, proibindo a sua entrada no pa\u00eds. Outros dizem que a cantora j\u00e1 teria tido o seu visto \u201ccancelado\u201d, uma alega\u00e7\u00e3o celebrada em p\u00e1ginas de apoiantes do ex-Presidente Jair Bolsonaro e em alguns sites brasileiros conhecidos por disseminarem not\u00edcias falsas.<\/p>\n<p>        <img src=\"https:\/\/www.europesays.com\/pt\/wp-content\/uploads\/2025\/10\/captura-de-ecra-2025-10-22-as-130533.jpg\" alt=\"\" loading=\"lazy\" decoding=\"async\" class=\"alignnone\" onload=\"this.parentElement.classList.remove('spinner')\" onerror=\"this.parentElement.classList.remove('spinner')\"\/>    <\/p>\n<p>E a verdade \u00e9 que se trata de mais uma not\u00edcia falsa. Desde logo, n\u00e3o h\u00e1 qualquer indica\u00e7\u00e3o em \u00f3rg\u00e3os de comunica\u00e7\u00e3o social cred\u00edveis de que tal tenha acontecido, n\u00e3o sendo poss\u00edvel encontrar qualquer not\u00edcia sobre o assunto. E ao portal UOL a assessoria da cantora brasileira respondeu que \u201ca informa\u00e7\u00e3o n\u00e3o procede em nenhum aspecto\u201d.<\/p>\n<p>Al\u00e9m disso, a pr\u00f3pria Anitta, que esteve a viver nos EUA mas voltou este ano para o Brasil, explicou os motivos da decis\u00e3o, negando que tivesse alguma coisa a ver com a administra\u00e7\u00e3o Trump. Em setembro, numa confer\u00eancia de imprensa, afastou essa ideia:\u00a0\u201cN\u00e3o existe isso de ficar com ran\u00e7o de um pa\u00eds inteiro por conta de uma situa\u00e7\u00e3o pol\u00edtica atual. Tem toda uma popula\u00e7\u00e3o, uma riqueza cultural. \u00c9 um pa\u00eds que me abra\u00e7ou, acolheu e [onde] fiz v\u00e1rios projetos que me abriram milhares de portas\u201d, declarou, <a href=\"https:\/\/www.estadao.com.br\/emais\/gente\/por-que-anitta-deixou-os-eua-e-voltou-a-morar-no-brasil-cantora-explica-nprec\/\" rel=\"nofollow noopener\" target=\"_blank\">citada pelo Estad\u00e3o<\/a>.<\/p>\n<p>A cantora apontou motivos relacionados com a sua sa\u00fade mental e a vontade de estar pr\u00f3xima da fam\u00edlia e de aproveitar a casa que comprou e reabilitou em 2024, no Itanhag\u00e1, no Rio de Janeiro. Por um lado, explicou que perdeu a \u201csede de sucesso\u201d que tinha: \u201cEstou s\u00f3 com vontade de fazer o que gosto\u201d. E acrescentou: \u201cArrumei uma casa espetacular e n\u00e3o estou com vontade de sair de dentro dela\u201d. Al\u00e9m disso, a cantora valoriza o facto de estar perto do pai e da m\u00e3e e de poder v\u00ea-los com regularidade, em vez de, como quando estava \u201cl\u00e1 fora\u201d, s\u00f3 \u201cpensar em trabalho\u201d.<\/p>\n<p>Not\u00edcias deste g\u00e9nero t\u00eam circulado sobre v\u00e1rias figuras medi\u00e1ticas no Brasil, sendo que a administra\u00e7\u00e3o norte-americana <a href=\"https:\/\/g1.globo.com\/mundo\/noticia\/2025\/09\/22\/quem-sao-os-brasileiros-que-tiveram-seus-vistos-cancelados-pelo-governo-trump-ate-agora.ghtml\" rel=\"nofollow noopener\" target=\"_blank\">tem de facto revogado<\/a> os vistos de v\u00e1rias personalidades: a 18 de julho, o secret\u00e1rio de Estado dos Estados Unidos, Marco Rubio, anunciou que a medida tinha sido aplicada a magistrados do Supremo Tribunal Federal como Alexandre de Moraes,\u00a0Luis Roberto Barroso, Edson Fachin, Dias Toffoli; Cristiano Zanin; Flavio Dino; C\u00e1rmen L\u00facia; e Gilmar Mendes. O mesmo aconteceu ao procurador-geral da Rep\u00fablica, Paulo Gonet, entre outros funcion\u00e1rios das autoridades judiciais brasileiras.<\/p>\n<p><strong>Conclus\u00e3o<\/strong><\/p>\n<p>Al\u00e9m de n\u00e3o haver not\u00edcias cred\u00edveis sobre o assunto, a assessoria da cantora j\u00e1 desmentiu esta informa\u00e7\u00e3o. Anitta explicou a sua sa\u00edda dos EUA falando sobre raz\u00f5es de sa\u00fade mental e familiares.<\/p>\n<p>Assim,\u00a0de acordo\u00a0com o\u00a0sistema de classifica\u00e7\u00e3o do Observador,\u00a0este conte\u00fado \u00e9:<\/p>\n<p><strong>ERRADO<\/strong><\/p>\n<p><a href=\"https:\/\/www.facebook.com\/business\/help\/2593586717571940?id=673052479947730\" rel=\"nofollow noopener\" target=\"_blank\">No\u00a0sistema de classifica\u00e7\u00e3o do\u00a0Facebook,<\/a> este conte\u00fado \u00e9:<\/p>\n<p><strong>FALSO:\u00a0<\/strong>As principais alega\u00e7\u00f5es do conte\u00fado s\u00e3o factualmente imprecisas. Geralmente, esta op\u00e7\u00e3o corresponde \u00e0s classifica\u00e7\u00f5es \u201cfalso\u201d ou \u201cmaioritariamente falso\u201d nos sites de verificadores de factos.<\/p>\n<p><strong>NOTA: este conte\u00fado foi selecionado pelo Observador no \u00e2mbito de uma parceria de fact checking com o Facebook.<\/strong><\/p>\n<p>                    <strong>Tem um minuto?<\/strong><br \/>O Observador est\u00e1 a realizar junto dos seus leitores um curto estudo de apenas quatro perguntas. <a href=\"https:\/\/observador.typeform.com\/to\/DnJJ0FZQ\" target=\"_blank\" style=\"text-decoration: underline; color:#262626;\" rel=\"nofollow noopener\">Responda aqui<\/a>.<\/p>\n<p>\n                <a href=\"https:\/\/ifcncodeofprinciples.poynter.org\/profile\/observador-fact-check\" title=\"O Observador \u00e9 membro do IFCN\" target=\"_blank\" rel=\"nofollow noopener\"><br \/>\n                    <img decoding=\"async\" src=\"https:\/\/www.europesays.com\/pt\/wp-content\/uploads\/2025\/08\/77110938-3E82-34EE-7F24-CCAB079FBA5E.png\" style=\"height: 140px;\" alt=\"IFCN Badge\"\/><br \/>\n                <\/a>\n            <\/p>\n","protected":false},"excerpt":{"rendered":"Uma s\u00e9rie de publica\u00e7\u00f5es nas redes sociais garantem que Donald Trump decidiu expulsar a cantora Anitta dos Estados&hellip;\n","protected":false},"author":2,"featured_media":26675,"comment_status":"","ping_status":"","sticky":false,"template":"","format":"standard","meta":{"footnotes":""},"categories":[145],"tags":[211,210,114,115,7316,861,32,33],"class_list":{"0":"post-125110","1":"post","2":"type-post","3":"status-publish","4":"format-standard","5":"has-post-thumbnail","7":"category-celebridades","8":"tag-celebridades","9":"tag-celebrities","10":"tag-entertainment","11":"tag-entretenimento","12":"tag-fact-check","13":"tag-observador","14":"tag-portugal","15":"tag-pt"},"share_on_mastodon":{"url":"https:\/\/pubeurope.com\/@pt\/115431416028590971","error":""},"_links":{"self":[{"href":"https:\/\/www.europesays.com\/pt\/wp-json\/wp\/v2\/posts\/125110","targetHints":{"allow":["GET"]}}],"collection":[{"href":"https:\/\/www.europesays.com\/pt\/wp-json\/wp\/v2\/posts"}],"about":[{"href":"https:\/\/www.europesays.com\/pt\/wp-json\/wp\/v2\/types\/post"}],"author":[{"embeddable":true,"href":"https:\/\/www.europesays.com\/pt\/wp-json\/wp\/v2\/users\/2"}],"replies":[{"embeddable":true,"href":"https:\/\/www.europesays.com\/pt\/wp-json\/wp\/v2\/comments?post=125110"}],"version-history":[{"count":0,"href":"https:\/\/www.europesays.com\/pt\/wp-json\/wp\/v2\/posts\/125110\/revisions"}],"wp:featuredmedia":[{"embeddable":true,"href":"https:\/\/www.europesays.com\/pt\/wp-json\/wp\/v2\/media\/26675"}],"wp:attachment":[{"href":"https:\/\/www.europesays.com\/pt\/wp-json\/wp\/v2\/media?parent=125110"}],"wp:term":[{"taxonomy":"category","embeddable":true,"href":"https:\/\/www.europesays.com\/pt\/wp-json\/wp\/v2\/categories?post=125110"},{"taxonomy":"post_tag","embeddable":true,"href":"https:\/\/www.europesays.com\/pt\/wp-json\/wp\/v2\/tags?post=125110"}],"curies":[{"name":"wp","href":"https:\/\/api.w.org\/{rel}","templated":true}]}}