{"id":125111,"date":"2025-10-24T22:08:09","date_gmt":"2025-10-24T22:08:09","guid":{"rendered":"https:\/\/www.europesays.com\/pt\/125111\/"},"modified":"2025-10-24T22:08:09","modified_gmt":"2025-10-24T22:08:09","slug":"fim-a-vista-fabio-e-liliana-em-nova-discussao-isto-assim-nao-vai-resultar-secret-story","status":"publish","type":"post","link":"https:\/\/www.europesays.com\/pt\/125111\/","title":{"rendered":"Fim \u00e0 vista? F\u00e1bio e Liliana em nova discuss\u00e3o: \u00abIsto assim n\u00e3o vai resultar\u00bb &#8211; Secret Story"},"content":{"rendered":"<p>No Secret Story 9, Liliana pede desculpa a F\u00e1bio por ter exagerado na rea\u00e7\u00e3o anterior, mas mant\u00e9m a opini\u00e3o de que n\u00e3o faz sentido o concorrente estar pr\u00f3ximo do grupo advers\u00e1rio. A conversa rapidamente aquece quando F\u00e1bio a confronta por ter desabafado com Pedro sobre o seu segredo, em vez de falar diretamente consigo. Perdendo a paci\u00eancia, F\u00e1bio vira-lhe costas, mas Liliana tenta reconciliar-se. Irritado, o concorrente acaba por sugerir que ela v\u00e1 para junto de Pedro, o que gera uma nova troca de acusa\u00e7\u00f5es. Liliana admite que, se continuarem assim, a rela\u00e7\u00e3o n\u00e3o vai resultar fora da casa, e F\u00e1bio vai mais longe, afirmando que duvida que durem sequer uma semana.<\/p>\n<p><strong>Esta semana cinco concorrentes est\u00e3o em risco de abandonar a casa mais vigiada do Pa\u00eds. Vote para salvar o seu concorrente favorito:<\/strong><\/p>\n<p><strong>BRUNO \u2013 761 20 20 04<br \/>IN\u00caS \u2013 761 20 20 10<br \/>LILIANA \u2013 761 20 20 14<br \/>MARIANA \u2013 761 20 20 15<br \/>RUI \u2013 761 20 20 19<\/strong><\/p>\n<p><a href=\"https:\/\/tvi.iol.pt\/secretstory\/aominuto\" wbo-id=\"32\" rel=\"nofollow noopener\" target=\"_blank\">Acompanhe, ao minuto, tudo o que acontece na casa mais vigiada do Pa\u00eds<\/a><\/p>\n","protected":false},"excerpt":{"rendered":"No Secret Story 9, Liliana pede desculpa a F\u00e1bio por ter exagerado na rea\u00e7\u00e3o anterior, mas mant\u00e9m a&hellip;\n","protected":false},"author":2,"featured_media":125112,"comment_status":"","ping_status":"","sticky":false,"template":"","format":"standard","meta":{"footnotes":""},"categories":[142],"tags":[114,115,19082,19033,19016,19034,32,33,151,19032],"class_list":{"0":"post-125111","1":"post","2":"type-post","3":"status-publish","4":"format-standard","5":"has-post-thumbnail","7":"category-tv","8":"tag-entertainment","9":"tag-entretenimento","10":"tag-fabio","11":"tag-galas-em-video","12":"tag-liliana","13":"tag-melhores-momentos-casa-dos-segredos","14":"tag-portugal","15":"tag-pt","16":"tag-tv","17":"tag-videos-secret-story-tvi"},"share_on_mastodon":{"url":"https:\/\/pubeurope.com\/@pt\/115431427423070707","error":""},"_links":{"self":[{"href":"https:\/\/www.europesays.com\/pt\/wp-json\/wp\/v2\/posts\/125111","targetHints":{"allow":["GET"]}}],"collection":[{"href":"https:\/\/www.europesays.com\/pt\/wp-json\/wp\/v2\/posts"}],"about":[{"href":"https:\/\/www.europesays.com\/pt\/wp-json\/wp\/v2\/types\/post"}],"author":[{"embeddable":true,"href":"https:\/\/www.europesays.com\/pt\/wp-json\/wp\/v2\/users\/2"}],"replies":[{"embeddable":true,"href":"https:\/\/www.europesays.com\/pt\/wp-json\/wp\/v2\/comments?post=125111"}],"version-history":[{"count":0,"href":"https:\/\/www.europesays.com\/pt\/wp-json\/wp\/v2\/posts\/125111\/revisions"}],"wp:featuredmedia":[{"embeddable":true,"href":"https:\/\/www.europesays.com\/pt\/wp-json\/wp\/v2\/media\/125112"}],"wp:attachment":[{"href":"https:\/\/www.europesays.com\/pt\/wp-json\/wp\/v2\/media?parent=125111"}],"wp:term":[{"taxonomy":"category","embeddable":true,"href":"https:\/\/www.europesays.com\/pt\/wp-json\/wp\/v2\/categories?post=125111"},{"taxonomy":"post_tag","embeddable":true,"href":"https:\/\/www.europesays.com\/pt\/wp-json\/wp\/v2\/tags?post=125111"}],"curies":[{"name":"wp","href":"https:\/\/api.w.org\/{rel}","templated":true}]}}