{"id":125120,"date":"2025-10-24T22:16:14","date_gmt":"2025-10-24T22:16:14","guid":{"rendered":"https:\/\/www.europesays.com\/pt\/125120\/"},"modified":"2025-10-24T22:16:14","modified_gmt":"2025-10-24T22:16:14","slug":"apos-10-ataques-dos-eua-que-provocaram-43-mortos-administracao-trump-reforca-operacoes-no-mar-das-caraibas-uss-gerald-ford-ativado","status":"publish","type":"post","link":"https:\/\/www.europesays.com\/pt\/125120\/","title":{"rendered":"Ap\u00f3s 10 ataques dos EUA que provocaram 43 mortos, Administra\u00e7\u00e3o Trump refor\u00e7a opera\u00e7\u00f5es no mar das Cara\u00edbas &#8211; USS Gerald Ford ativado"},"content":{"rendered":"<p>\t                Tens\u00e3o com a Venezuela escala. A opera\u00e7\u00e3o mais recente dos EUA na \u00e1rea resultou em seis mortos<\/p>\n<p>O Pent\u00e1gono anunciou o envio do maior porta-avi\u00f5es da frota norte-americana para o mar das Cara\u00edbas, em plena <a href=\"https:\/\/cnnportugal.iol.pt\/donald-trump\/venezuela\/trump-e-maduro-reforcam-posicoes-militares-perante-escalada-de-tensoes-nas-caraibas\/20251018\/68f368b7d34e58bc67970809\" target=\"_blank\" rel=\"nofollow noopener\">escalada de tens\u00f5es<\/a> com a Venezuela devido a opera\u00e7\u00f5es contra tr\u00e1fico de droga.<\/p>\n<p>O secret\u00e1rio de Defesa norte-americano, Pete Hegseth, ordenou a desloca\u00e7\u00e3o do USS Gerald Ford e do respetivo grupo de ataque para a \u00e1rea de responsabilidade do Comando Sul, \u201cem apoio \u00e0 diretiva do Presidente [norte-americano, Donald Trump] para desmantelar organiza\u00e7\u00f5es criminosas transnacionais\u201d, disse o porta-voz do Pent\u00e1gono, Sean Parnell, em comunicado.<\/p>\n<p>A miss\u00e3o vai \u201crefor\u00e7ar a capacidade dos Estados Unidos para detetar, monitorizar e desmantelar atividades il\u00edcitas que amea\u00e7am a seguran\u00e7a e a prosperidade\u201d norte-americanas, referiu.<\/p>\n<p>A for\u00e7a naval \u201cvai expandir as opera\u00e7\u00f5es de combate ao narcotr\u00e1fico e enfraquecer redes criminosas transnacionais\u201d, acrescentou o porta-voz do Pent\u00e1gono.<\/p>\n<p>O USS Gerald Ford junta-se a outros meios j\u00e1 destacados desde o ver\u00e3o para a regi\u00e3o das Cara\u00edbas, incluindo tr\u00eas navios anf\u00edbios, avi\u00f5es de patrulha P-8, ca\u00e7as F-35B e drones MQ-9 que operam a partir de bases em Porto Rico.<\/p>\n<p>Nas \u00faltimas semanas, as for\u00e7as norte-americanas destru\u00edram uma dezena de embarca\u00e7\u00f5es suspeitas de tr\u00e1fico de droga nas Cara\u00edbas e no Pac\u00edfico, perto da Venezuela e da Col\u00f4mbia, resultando em v\u00e1rias mortes.<\/p>\n<p>A Venezuela e a Col\u00f4mbia acusaram Washington de realizar \u201cexecu\u00e7\u00f5es extrajudiciais\u201d.<\/p>\n<p>EUA efetuaram o 10.\u00ba ataque contra um barco, matando seis pessoas <\/p>\n<p>O secret\u00e1rio da Defesa, Pete Hegseth, confirmou que os EUA realizaram um ataque noturno contra uma embarca\u00e7\u00e3o que, segundo ele, era operada por um cartel de droga e traficava narc\u00f3ticos nas Cara\u00edbas.<\/p>\n<p>O ataque, que segundo Hegseth matou seis pessoas, eleva para 10 o n\u00famero total conhecido de embarca\u00e7\u00f5es visadas e para 43 o n\u00famero de pessoas mortas desde que os EUA iniciaram a sua campanha no m\u00eas passado.<\/p>\n<p>Os ataques, que t\u00eam sido efetuados sem procedimentos judiciais ou uma declara\u00e7\u00e3o de guerra pelo Congresso, levantaram quest\u00f5es sobre os limites do poder presidencial e foram fortemente criticados pelos governos da Col\u00f4mbia e da Venezuela &#8211; de onde muitos dos barcos parecem ter vindo &#8211; e tamb\u00e9m pelas fam\u00edlias dos mortos, algumas das quais negaram que os seus familiares estivessem envolvidos no tr\u00e1fico de droga<\/p>\n<blockquote class=\"twitter-tweet\">\n<p lang=\"en\">Overnight, at the direction of President Trump, the Department of War carried out a lethal kinetic strike on a vessel operated by Tren de Aragua (TdA), a Designated Terrorist Organization (DTO), trafficking narcotics in the Caribbean Sea.<\/p>\n<p>The vessel was known by our\u2026 <a href=\"https:\/\/t.co\/lVlw0FLBv4\" rel=\"nofollow\">pic.twitter.com\/lVlw0FLBv4<\/a><\/p>\n<p> \u2014 Secretary of War Pete Hegseth (@SecWar) <a href=\"https:\/\/twitter.com\/SecWar\/status\/1981706596972372446?ref_src=twsrc%5Etfw\" rel=\"nofollow noopener\" target=\"_blank\">October 24, 2025<\/a>\n<\/p><\/blockquote>\n<p>Hegseth disse no seu post no X que o barco mais recentemente visado estava a ser operado pelo Tren de Aragua, um cartel criminoso que o presidente Donald Trump designou como uma organiza\u00e7\u00e3o terrorista estrangeira perto do in\u00edcio do seu segundo mandato. A quadrilha j\u00e1 foi alvo de ataques anteriores de barcos americanos.<\/p>\n<p>\u201cA embarca\u00e7\u00e3o era conhecida pela nossa intelig\u00eancia por estar envolvida no contrabando il\u00edcito de narc\u00f3ticos, transitava ao longo de uma rota conhecida de narcotr\u00e1fico e transportava narc\u00f3ticos\u201d, disse o secret\u00e1rio de defesa em seu post no X.<\/p>\n<p>As tens\u00f5es entre os dois pa\u00edses intensificaram-se nas \u00faltimas semanas, depois de Trump ter autorizado a CIA (ag\u00eancia de informa\u00e7\u00f5es norte-americana) a conduzir opera\u00e7\u00f5es secretas dentro da Venezuela.<\/p>\n<p>O Governo do Presidente venezuelano, Nicol\u00e1s Maduro, acusou Washington de planear uma ofensiva militar contra o pa\u00eds.<\/p>\n<p>\t            <script async src=\"https:\/\/platform.twitter.com\/widgets.js\" charset=\"utf-8\"><\/script><\/p>\n","protected":false},"excerpt":{"rendered":"Tens\u00e3o com a Venezuela escala. A opera\u00e7\u00e3o mais recente dos EUA na \u00e1rea resultou em seis mortos O&hellip;\n","protected":false},"author":2,"featured_media":125121,"comment_status":"","ping_status":"","sticky":false,"template":"","format":"standard","meta":{"footnotes":""},"categories":[50],"tags":[609,836,611,27,28,9109,607,608,333,832,604,135,610,92,476,15,16,301,830,14,603,25,26,570,21,22,831,833,62,834,12,13,19,20,835,602,52,32,23,24,17,18,29,30,31,63,64,65],"class_list":{"0":"post-125120","1":"post","2":"type-post","3":"status-publish","4":"format-standard","5":"has-post-thumbnail","7":"category-mundo","8":"tag-alerta","9":"tag-analise","10":"tag-ao-minuto","11":"tag-breaking-news","12":"tag-breakingnews","13":"tag-caraibas","14":"tag-cnn","15":"tag-cnn-portugal","16":"tag-comentadores","17":"tag-costa","18":"tag-crime","19":"tag-desporto","20":"tag-direto","21":"tag-donald-trump","22":"tag-economia","23":"tag-featured-news","24":"tag-featurednews","25":"tag-governo","26":"tag-guerra","27":"tag-headlines","28":"tag-justica","29":"tag-latest-news","30":"tag-latestnews","31":"tag-live","32":"tag-main-news","33":"tag-mainnews","34":"tag-mais-vistas","35":"tag-marcelo","36":"tag-mundo","37":"tag-negocios","38":"tag-news","39":"tag-noticias","40":"tag-noticias-principais","41":"tag-noticiasprincipais","42":"tag-opiniao","43":"tag-pais","44":"tag-politica","45":"tag-portugal","46":"tag-principais-noticias","47":"tag-principaisnoticias","48":"tag-top-stories","49":"tag-topstories","50":"tag-ultimas","51":"tag-ultimas-noticias","52":"tag-ultimasnoticias","53":"tag-world","54":"tag-world-news","55":"tag-worldnews"},"share_on_mastodon":{"url":"","error":"Validation failed: Text character limit of 500 exceeded"},"_links":{"self":[{"href":"https:\/\/www.europesays.com\/pt\/wp-json\/wp\/v2\/posts\/125120","targetHints":{"allow":["GET"]}}],"collection":[{"href":"https:\/\/www.europesays.com\/pt\/wp-json\/wp\/v2\/posts"}],"about":[{"href":"https:\/\/www.europesays.com\/pt\/wp-json\/wp\/v2\/types\/post"}],"author":[{"embeddable":true,"href":"https:\/\/www.europesays.com\/pt\/wp-json\/wp\/v2\/users\/2"}],"replies":[{"embeddable":true,"href":"https:\/\/www.europesays.com\/pt\/wp-json\/wp\/v2\/comments?post=125120"}],"version-history":[{"count":0,"href":"https:\/\/www.europesays.com\/pt\/wp-json\/wp\/v2\/posts\/125120\/revisions"}],"wp:featuredmedia":[{"embeddable":true,"href":"https:\/\/www.europesays.com\/pt\/wp-json\/wp\/v2\/media\/125121"}],"wp:attachment":[{"href":"https:\/\/www.europesays.com\/pt\/wp-json\/wp\/v2\/media?parent=125120"}],"wp:term":[{"taxonomy":"category","embeddable":true,"href":"https:\/\/www.europesays.com\/pt\/wp-json\/wp\/v2\/categories?post=125120"},{"taxonomy":"post_tag","embeddable":true,"href":"https:\/\/www.europesays.com\/pt\/wp-json\/wp\/v2\/tags?post=125120"}],"curies":[{"name":"wp","href":"https:\/\/api.w.org\/{rel}","templated":true}]}}