{"id":125126,"date":"2025-10-24T22:22:08","date_gmt":"2025-10-24T22:22:08","guid":{"rendered":"https:\/\/www.europesays.com\/pt\/125126\/"},"modified":"2025-10-24T22:22:08","modified_gmt":"2025-10-24T22:22:08","slug":"esta-foi-a-polemica-reacao-de-cristiana-jesus-ao-caso-do-filho-da-vereadora-de-vagos-secret-story","status":"publish","type":"post","link":"https:\/\/www.europesays.com\/pt\/125126\/","title":{"rendered":"Esta foi a &#8216;pol\u00e9mica&#8217; rea\u00e7\u00e3o de Cristiana Jesus ao caso do filho da vereadora de Vagos &#8211; Secret Story"},"content":{"rendered":"<p>O pa\u00eds continua em choque com o homic\u00eddio de <strong>Susana Gravato<\/strong>, vereadora da C\u00e2mara Municipal de Vagos, alegadamente morta a tiro pelo pr\u00f3prio filho, de apenas 14 anos. O caso abalou a opini\u00e3o p\u00fablica e levou v\u00e1rias figuras conhecidas a reagir. Entre elas, <strong>Cristiana Jesus<\/strong>, ex-concorrente do <a href=\"https:\/\/tvi.iol.pt\/secretstory\/\" target=\"_blank\" rel=\"nofollow noopener\"><strong>Secret Story &#8211; Casa dos Segredos<\/strong><\/a>, que partilhou um reels nas redes sociais com uma reflex\u00e3o sentida sobre o tema e sobre a juventude que se est\u00e1 a desenvolver.<\/p>\n<p><strong>\u00abDeus nos livre de levantar a m\u00e3o para dar uma palmadinha\u00bb<\/strong>, come\u00e7ou por dizer, num desabafo sobre a forma como os pais, hoje, lidam com a educa\u00e7\u00e3o e a disciplina dos filhos. A influenciadora alertou ainda para aquilo que considera uma crescente falta de respeito e de limites: <strong>\u00abEstamos a criar filhos que n\u00e3o sabem ouvir um \u201cn\u00e3o\u201d, filhos que acham que tudo se resolve com um \u201cdesculpa\u201d e que o respeito \u00e9 opcional\u00bb<\/strong>.<\/p>\n<p><strong>Cristiana Jesus<\/strong> esclareceu que o objetivo da sua partilha n\u00e3o \u00e9 gerar pol\u00e9mica, mas sim refletir sobre o momento atual: <strong>\u00ab\u00c9 simplesmente a opini\u00e3o de uma m\u00e3e que est\u00e1 assustada com este novo mundo\u00bb<\/strong>.<\/p>\n<p>A publica\u00e7\u00e3o gerou forte impacto nas redes sociais, com muitos seguidores a identificar-se com a mensagem da ex-concorrente. Ainda assim, o desabafo de Cristiana Jesus n\u00e3o deixou ningu\u00e9m indiferente, reacendendo o debate sobre o papel da fam\u00edlia e da educa\u00e7\u00e3o perante uma trag\u00e9dia que comoveu o pa\u00eds.<\/p>\n<p>Veja o v\u00eddeo aqui: <\/p>\n<p>\u00a0<\/p>\n","protected":false},"excerpt":{"rendered":"O pa\u00eds continua em choque com o homic\u00eddio de Susana Gravato, vereadora da C\u00e2mara Municipal de Vagos, alegadamente&hellip;\n","protected":false},"author":2,"featured_media":125127,"comment_status":"","ping_status":"","sticky":false,"template":"","format":"standard","meta":{"footnotes":""},"categories":[142],"tags":[18706,8660,114,115,18705,32,33,28330,151,18704],"class_list":{"0":"post-125126","1":"post","2":"type-post","3":"status-publish","4":"format-standard","5":"has-post-thumbnail","7":"category-tv","8":"tag-bastidores-secret-story","9":"tag-cristiana-jesus","10":"tag-entertainment","11":"tag-entretenimento","12":"tag-entrevistas-concorrentes-tvi","13":"tag-portugal","14":"tag-pt","15":"tag-susana-gravato","16":"tag-tv","17":"tag-vida-fora-da-casa"},"share_on_mastodon":{"url":"https:\/\/pubeurope.com\/@pt\/115431482523649249","error":""},"_links":{"self":[{"href":"https:\/\/www.europesays.com\/pt\/wp-json\/wp\/v2\/posts\/125126","targetHints":{"allow":["GET"]}}],"collection":[{"href":"https:\/\/www.europesays.com\/pt\/wp-json\/wp\/v2\/posts"}],"about":[{"href":"https:\/\/www.europesays.com\/pt\/wp-json\/wp\/v2\/types\/post"}],"author":[{"embeddable":true,"href":"https:\/\/www.europesays.com\/pt\/wp-json\/wp\/v2\/users\/2"}],"replies":[{"embeddable":true,"href":"https:\/\/www.europesays.com\/pt\/wp-json\/wp\/v2\/comments?post=125126"}],"version-history":[{"count":0,"href":"https:\/\/www.europesays.com\/pt\/wp-json\/wp\/v2\/posts\/125126\/revisions"}],"wp:featuredmedia":[{"embeddable":true,"href":"https:\/\/www.europesays.com\/pt\/wp-json\/wp\/v2\/media\/125127"}],"wp:attachment":[{"href":"https:\/\/www.europesays.com\/pt\/wp-json\/wp\/v2\/media?parent=125126"}],"wp:term":[{"taxonomy":"category","embeddable":true,"href":"https:\/\/www.europesays.com\/pt\/wp-json\/wp\/v2\/categories?post=125126"},{"taxonomy":"post_tag","embeddable":true,"href":"https:\/\/www.europesays.com\/pt\/wp-json\/wp\/v2\/tags?post=125126"}],"curies":[{"name":"wp","href":"https:\/\/api.w.org\/{rel}","templated":true}]}}