{"id":125138,"date":"2025-10-24T22:41:20","date_gmt":"2025-10-24T22:41:20","guid":{"rendered":"https:\/\/www.europesays.com\/pt\/125138\/"},"modified":"2025-10-24T22:41:20","modified_gmt":"2025-10-24T22:41:20","slug":"assim-e-o-comeco-do-dia-de-sonho-de-cristina-ferreira-e-vai-surpreender-secret-story","status":"publish","type":"post","link":"https:\/\/www.europesays.com\/pt\/125138\/","title":{"rendered":"Assim \u00e9 o come\u00e7o do dia de sonho de Cristina Ferreira. E vai surpreender &#8211; Secret Story"},"content":{"rendered":"<p data-end=\"761\" data-start=\"499\"><strong>Cristina Ferreira<\/strong> aproveitou a folga para come\u00e7ar o dia ao seu ritmo. Nas stories partilhadas esta sexta-feira, a apresentadora do\u00a0<a href=\"https:\/\/tvi.iol.pt\/secretstory\/\" target=\"_blank\" rel=\"nofollow noopener\"><strong>Secret Story 9<\/strong><\/a> mostrou uma manh\u00e3 tranquila, longe da correria habitual, come\u00e7ando com um pequeno-almo\u00e7o demorado e uma ida ao gin\u00e1sio.<\/p>\n<p data-end=\"988\" data-start=\"763\"><strong>\u00abHoje comecei o dia exatamente como sonho. Acordar sem despertador, tomar o pequeno almo\u00e7o, treinar, tudo tranquilamente at\u00e9&#8230; ter de vir pintar o cabelo\u00bb<\/strong>, escreveu Cristina, revelando que a manh\u00e3 terminou no cabeleireiro.<\/p>\n<p data-end=\"1247\" data-start=\"990\">A partilha deixou no ar a curiosidade dos seguidores: estar\u00e1 Cristina Ferreira prestes a mudar de visual? A apresentadora, conhecida pelas suas transforma\u00e7\u00f5es de estilo, n\u00e3o revelou mais detalhes, mas a visita ao sal\u00e3o pode bem indicar novidades \u00e0 vista.<\/p>\n<p>Veja as fotografias: <\/p>\n<p data-end=\"1247\" data-start=\"990\"><img loading=\"lazy\" decoding=\"async\" alt=\"\" height=\"500\" src=\"https:\/\/www.europesays.com\/pt\/wp-content\/uploads\/2025\/10\/68fb7bb3d34ee0c2fed1a239.webp\" width=\"500\"\/><\/p>\n<p data-end=\"1247\" data-start=\"990\">\u00a0<\/p>\n","protected":false},"excerpt":{"rendered":"Cristina Ferreira aproveitou a folga para come\u00e7ar o dia ao seu ritmo. Nas stories partilhadas esta sexta-feira, a&hellip;\n","protected":false},"author":2,"featured_media":125139,"comment_status":"","ping_status":"","sticky":false,"template":"","format":"standard","meta":{"footnotes":""},"categories":[142],"tags":[18706,166,114,115,18705,6218,32,33,1315,151,18704],"class_list":{"0":"post-125138","1":"post","2":"type-post","3":"status-publish","4":"format-standard","5":"has-post-thumbnail","7":"category-tv","8":"tag-bastidores-secret-story","9":"tag-cristina-ferreira","10":"tag-entertainment","11":"tag-entretenimento","12":"tag-entrevistas-concorrentes-tvi","13":"tag-mudanca-de-visual","14":"tag-portugal","15":"tag-pt","16":"tag-secret-story","17":"tag-tv","18":"tag-vida-fora-da-casa"},"share_on_mastodon":{"url":"https:\/\/pubeurope.com\/@pt\/115431557360145990","error":""},"_links":{"self":[{"href":"https:\/\/www.europesays.com\/pt\/wp-json\/wp\/v2\/posts\/125138","targetHints":{"allow":["GET"]}}],"collection":[{"href":"https:\/\/www.europesays.com\/pt\/wp-json\/wp\/v2\/posts"}],"about":[{"href":"https:\/\/www.europesays.com\/pt\/wp-json\/wp\/v2\/types\/post"}],"author":[{"embeddable":true,"href":"https:\/\/www.europesays.com\/pt\/wp-json\/wp\/v2\/users\/2"}],"replies":[{"embeddable":true,"href":"https:\/\/www.europesays.com\/pt\/wp-json\/wp\/v2\/comments?post=125138"}],"version-history":[{"count":0,"href":"https:\/\/www.europesays.com\/pt\/wp-json\/wp\/v2\/posts\/125138\/revisions"}],"wp:featuredmedia":[{"embeddable":true,"href":"https:\/\/www.europesays.com\/pt\/wp-json\/wp\/v2\/media\/125139"}],"wp:attachment":[{"href":"https:\/\/www.europesays.com\/pt\/wp-json\/wp\/v2\/media?parent=125138"}],"wp:term":[{"taxonomy":"category","embeddable":true,"href":"https:\/\/www.europesays.com\/pt\/wp-json\/wp\/v2\/categories?post=125138"},{"taxonomy":"post_tag","embeddable":true,"href":"https:\/\/www.europesays.com\/pt\/wp-json\/wp\/v2\/tags?post=125138"}],"curies":[{"name":"wp","href":"https:\/\/api.w.org\/{rel}","templated":true}]}}