{"id":125140,"date":"2025-10-24T22:43:13","date_gmt":"2025-10-24T22:43:13","guid":{"rendered":"https:\/\/www.europesays.com\/pt\/125140\/"},"modified":"2025-10-24T22:43:13","modified_gmt":"2025-10-24T22:43:13","slug":"live-action-ganha-data-de-estreia-no-brasil-radio-mix-fm","status":"publish","type":"post","link":"https:\/\/www.europesays.com\/pt\/125140\/","title":{"rendered":"live-action ganha data de estreia no Brasil \u2013 R\u00e1dio Mix FM"},"content":{"rendered":"<p><img decoding=\"async\" loading=\"lazy\" width=\"1200\" height=\"450\" src=\"https:\/\/www.europesays.com\/pt\/wp-content\/uploads\/2025\/10\/he-man-2-3.jpg\" alt=\"\" class=\"wp-image-575810\"\/>Foto: Divulga\u00e7\u00e3o<\/p>\n<p>Habemus novidades sobre o <strong>live-action <\/strong>de <strong>\u201cHe-Man\u201d<\/strong>!<\/p>\n<p>Foi divulgada nesta quinta-feira (23) a <strong>data oficial <\/strong>para o lan\u00e7amento do novo filme de \u201cHe-Man\u201d no <strong>Brasil<\/strong>.<\/p>\n<p>Em meio \u00e0 grande expectativa para o longa, a nova adapta\u00e7\u00e3o de \u201cHe-Man\u201d chegar\u00e1 aos cinemas brasileiros um dia antes da estreia nos Estados Unidos, prevista para <strong>junho de 2026<\/strong>.<\/p>\n<p>Apesar do live-action de \u201cHe-Man\u201d ter sido exibido em poucas e restritas sess\u00f5es antecipadas, com avalia\u00e7\u00f5es positivas, maiores detalhes sobre a trama ainda n\u00e3o foram divulgados.<\/p>\n<p>Com o t\u00edtulo de <strong>\u201cMestres do Universo\u201d<\/strong>, o longa mostrar\u00e1 a volta do Pr\u00edncipe Adam ao planeta Eternia, onde ter\u00e1 que assumir a identidade do He-Man para derrotar o vil\u00e3o Esqueleto.<\/p>\n<p>Dirigido por <strong>Chris Butler<\/strong>, \u201cMestres do Universo\u201d contar\u00e1 com <a href=\"https:\/\/radiomixfm.com.br\/live-action-de-he-man-ganha-video-inedito-dos-bastidores\/\" target=\"_blank\" rel=\"noreferrer noopener nofollow\"><strong>Nicholas Galitzine<\/strong> <\/a>no papel de He-Man e <strong>Jared Leto<\/strong> como Esqueleto. Nomes como <strong>Morena Baccarin, Camila Mendes, Alison Brie, Sam C. Wilson e Hafthor Bjornsson<\/strong> tamb\u00e9m completam o elenco.<\/p>\n<p>\u201cMestres do Universo\u201d tem previs\u00e3o de estreia para <strong>4 de junho de 2026<\/strong> nos cinemas do Brasil.<\/p>\n","protected":false},"excerpt":{"rendered":"Foto: Divulga\u00e7\u00e3o Habemus novidades sobre o live-action de \u201cHe-Man\u201d! Foi divulgada nesta quinta-feira (23) a data oficial para&hellip;\n","protected":false},"author":2,"featured_media":125141,"comment_status":"","ping_status":"","sticky":false,"template":"","format":"standard","meta":{"footnotes":""},"categories":[140],"tags":[16718,114,115,147,471,148,16719,28779,16720,4696,14079,146,16723,32,33],"class_list":{"0":"post-125140","1":"post","2":"type-post","3":"status-publish","4":"format-standard","5":"has-post-thumbnail","7":"category-filmes","8":"tag-camila-mendes","9":"tag-entertainment","10":"tag-entretenimento","11":"tag-film","12":"tag-filme","13":"tag-filmes","14":"tag-he-man","15":"tag-he-man-live-action","16":"tag-jared-leto","17":"tag-lanu00e7amento","18":"tag-live-action","19":"tag-movies","20":"tag-nicholas-galitzine","21":"tag-portugal","22":"tag-pt"},"share_on_mastodon":{"url":"https:\/\/pubeurope.com\/@pt\/115431565357233377","error":""},"_links":{"self":[{"href":"https:\/\/www.europesays.com\/pt\/wp-json\/wp\/v2\/posts\/125140","targetHints":{"allow":["GET"]}}],"collection":[{"href":"https:\/\/www.europesays.com\/pt\/wp-json\/wp\/v2\/posts"}],"about":[{"href":"https:\/\/www.europesays.com\/pt\/wp-json\/wp\/v2\/types\/post"}],"author":[{"embeddable":true,"href":"https:\/\/www.europesays.com\/pt\/wp-json\/wp\/v2\/users\/2"}],"replies":[{"embeddable":true,"href":"https:\/\/www.europesays.com\/pt\/wp-json\/wp\/v2\/comments?post=125140"}],"version-history":[{"count":0,"href":"https:\/\/www.europesays.com\/pt\/wp-json\/wp\/v2\/posts\/125140\/revisions"}],"wp:featuredmedia":[{"embeddable":true,"href":"https:\/\/www.europesays.com\/pt\/wp-json\/wp\/v2\/media\/125141"}],"wp:attachment":[{"href":"https:\/\/www.europesays.com\/pt\/wp-json\/wp\/v2\/media?parent=125140"}],"wp:term":[{"taxonomy":"category","embeddable":true,"href":"https:\/\/www.europesays.com\/pt\/wp-json\/wp\/v2\/categories?post=125140"},{"taxonomy":"post_tag","embeddable":true,"href":"https:\/\/www.europesays.com\/pt\/wp-json\/wp\/v2\/tags?post=125140"}],"curies":[{"name":"wp","href":"https:\/\/api.w.org\/{rel}","templated":true}]}}