{"id":12517,"date":"2025-08-02T05:27:08","date_gmt":"2025-08-02T05:27:08","guid":{"rendered":"https:\/\/www.europesays.com\/pt\/12517\/"},"modified":"2025-08-02T05:27:08","modified_gmt":"2025-08-02T05:27:08","slug":"serie-de-jason-momoa-e-k-drama-o-que-ver-neste-sabado-01-08-2025-ilustrada","status":"publish","type":"post","link":"https:\/\/www.europesays.com\/pt\/12517\/","title":{"rendered":"S\u00e9rie de Jason Momoa e k-drama: o que ver neste s\u00e1bado &#8211; 01\/08\/2025 &#8211; Ilustrada"},"content":{"rendered":"<p>Estrelada e cocriada pelo ator <a href=\"https:\/\/f5.folha.uol.com.br\/cinema-e-series\/2024\/12\/jason-momoa-volta-ao-universo-dc-como-o-personagem-lobo-em-filme-da-supergirl.shtml\" rel=\"nofollow noopener\" target=\"\">Jason Momoa<\/a>, a s\u00e9rie &#8220;<a href=\"https:\/\/www1.folha.uol.com.br\/ilustrada\/2025\/07\/jason-momoa-premonicao-e-outras-estreias-da-semana-no-streaming.shtml\" rel=\"nofollow noopener\" target=\"\">Chefe de Guerra<\/a>&#8221; \u00e9 um \u00e9pico hist\u00f3rico sobre a unifica\u00e7\u00e3o das ilhas do Hava\u00ed. Ele interpreta o guerreiro Ka\u2019iana, um nobre de <a href=\"https:\/\/www1.folha.uol.com.br\/fsp\/turismo\/fx3101200002.htm\" rel=\"nofollow noopener\" target=\"\">origem havaiana<\/a> que retorna para casa em meio \u00e0 turbulenta era da coloniza\u00e7\u00e3o ocidental no final do s\u00e9culo 18.<\/p>\n<p>Baseada em fatos, a narrativa \u00e9 contada do ponto de vista nativo, com idiomas havaianos, itens de guerra tradicionais e um elenco majoritariamente composto por atores de origem polin\u00e9sia.<\/p>\n<p><strong>Onde ver<\/strong>: Apple TV+, 18 anos<\/p>\n<p>Al\u00e9m do Direito<\/p>\n<p><strong>Onde ver<\/strong>: Netflix, 16 anos<\/p>\n<p>Uma jovem advogada, novata na profiss\u00e3o e um pouco desajeitada mas com um forte senso de justi\u00e7a, come\u00e7a a trabalhar em um grande escrit\u00f3rio de advocacia. Ela aprende a navegar o complexo mundo jur\u00eddico sob a orienta\u00e7\u00e3o de um mentor frio e exigente.<\/p>\n<p>April<\/p>\n<p><strong>Onde ver<\/strong>: Mubi, 18 anos<\/p>\n<p>Vencedor do pr\u00eamio do j\u00fari no <a href=\"https:\/\/www1.folha.uol.com.br\/folha-topicos\/festival-de-veneza\/\" rel=\"nofollow noopener\" target=\"_blank\">Festival de Veneza<\/a> em 2024, o filme da <a href=\"https:\/\/www1.folha.uol.com.br\/folha-topicos\/georgia\/\" rel=\"nofollow noopener\" target=\"_blank\">Ge\u00f3rgia <\/a>mostra como a conduta profissional da obstetra Nina \u00e9 questionada depois da morte de um beb\u00ea. Durante a investiga\u00e7\u00e3o, circulam rumores de que ela realiza abortos ilegais fora de seu hor\u00e1rio de trabalho.<\/p>\n<p>Leanne<\/p>\n<p><strong>Onde ver<\/strong>: Netflix, 14 anos<\/p>\n<p>O marido de <a href=\"https:\/\/www1.folha.uol.com.br\/colunas\/lucianacoelho\/2025\/07\/sitcom-leanne-na-netflix-fura-bolha-conservadora-mas-protagonista-e-publico-mereciam-mais.shtml\" rel=\"nofollow noopener\" target=\"\">Leanne <\/a>decide se separar para ficar com outra mulher depois de 33 anos casados. Ela n\u00e3o imaginava recome\u00e7ar a vida na menopausa, mas com a ajuda de sua fam\u00edlia amorosa ela vai adiante. Sitcom cocriada por <a href=\"https:\/\/f5.folha.uol.com.br\/televisao\/1104110-criador-de-two-and-a-half-men-diz-que-demissao-de-sheen-partiu-seu-coracao.shtml\" rel=\"nofollow noopener\" target=\"\">Chuck Lorre<\/a> e <a href=\"https:\/\/www1.folha.uol.com.br\/colunas\/lucianacoelho\/2025\/07\/sitcom-leanne-na-netflix-fura-bolha-conservadora-mas-protagonista-e-publico-mereciam-mais.shtml\" rel=\"nofollow noopener\" target=\"\">Leanne Morgan<\/a>.<\/p>\n<p>A Arte do Caos<\/p>\n<p><strong>Onde ver<\/strong>: Reserva Imovision, 14 anos<\/p>\n<p>Ap\u00f3s anos foragido, o criminoso Trojan volta a <a href=\"https:\/\/www1.folha.uol.com.br\/folha-topicos\/berlim\/\" rel=\"nofollow noopener\" target=\"\">Berlim <\/a>e tem a chance de participar do roubo de um quadro de um museu. Tudo parece promissor, at\u00e9 que o cliente revela seus pr\u00f3prios planos para a pintura \u2014e o assalto sai do controle.<\/p>\n<p>Casos Chocantes da Hist\u00f3ria<\/p>\n<p><strong>Onde ver<\/strong>: History, 21h20, 12 anos<\/p>\n<p>A s\u00e9rie documental, apresentada pelo jornalista Tony Harris, revive casos reais que foram captados em v\u00eddeo, mostrando como situa\u00e7\u00f5es de alto risco aconteceram e viralizaram rapidamente. No epis\u00f3dio de estreia, a colis\u00e3o entre dois avi\u00f5es militares, a explos\u00e3o de uma baleia e um ataque de jacar\u00e9.<\/p>\n<p>Blindado<\/p>\n<p><strong>Onde ver<\/strong>: Telecine Premium, 22h, 14 anos<\/p>\n<p>Um seguran\u00e7a e seu filho adolescente se tornam alvos de um grupo de criminosos durante o transporte de milh\u00f5es de d\u00f3lares. Encurralados pela gangue liderada pelo personagem de <a href=\"https:\/\/f5.folha.uol.com.br\/celebridades\/2024\/12\/sylvester-stallone-irrita-vizinhos-com-proposta-de-cercar-mansao-na-florida.shtml\" rel=\"nofollow noopener\" target=\"\">Sylvester Stallone<\/a>, pai e filho precisar\u00e3o lutar para sobreviver e impedir o roubo.<\/p>\n","protected":false},"excerpt":{"rendered":"Estrelada e cocriada pelo ator Jason Momoa, a s\u00e9rie &#8220;Chefe de Guerra&#8221; \u00e9 um \u00e9pico hist\u00f3rico sobre a&hellip;\n","protected":false},"author":2,"featured_media":11628,"comment_status":"","ping_status":"","sticky":false,"template":"","format":"standard","meta":{"footnotes":""},"categories":[142],"tags":[2633,1244,470,114,115,236,2595,1630,4741,5267,5268,1623,716,32,33,5266,1624,218,151],"class_list":{"0":"post-12517","1":"post","2":"type-post","3":"status-publish","4":"format-standard","5":"has-post-thumbnail","7":"category-tv","8":"tag-apple-tv","9":"tag-ator","10":"tag-cinema","11":"tag-entertainment","12":"tag-entretenimento","13":"tag-folha","14":"tag-hollywood","15":"tag-imovision","16":"tag-jason-momoa","17":"tag-mostra-de-cinema","18":"tag-mubi-brasil","19":"tag-multitela","20":"tag-netflix","21":"tag-portugal","22":"tag-pt","23":"tag-sylvester-stallone","24":"tag-telecine","25":"tag-televisao","26":"tag-tv"},"share_on_mastodon":{"url":"","error":""},"_links":{"self":[{"href":"https:\/\/www.europesays.com\/pt\/wp-json\/wp\/v2\/posts\/12517","targetHints":{"allow":["GET"]}}],"collection":[{"href":"https:\/\/www.europesays.com\/pt\/wp-json\/wp\/v2\/posts"}],"about":[{"href":"https:\/\/www.europesays.com\/pt\/wp-json\/wp\/v2\/types\/post"}],"author":[{"embeddable":true,"href":"https:\/\/www.europesays.com\/pt\/wp-json\/wp\/v2\/users\/2"}],"replies":[{"embeddable":true,"href":"https:\/\/www.europesays.com\/pt\/wp-json\/wp\/v2\/comments?post=12517"}],"version-history":[{"count":0,"href":"https:\/\/www.europesays.com\/pt\/wp-json\/wp\/v2\/posts\/12517\/revisions"}],"wp:featuredmedia":[{"embeddable":true,"href":"https:\/\/www.europesays.com\/pt\/wp-json\/wp\/v2\/media\/11628"}],"wp:attachment":[{"href":"https:\/\/www.europesays.com\/pt\/wp-json\/wp\/v2\/media?parent=12517"}],"wp:term":[{"taxonomy":"category","embeddable":true,"href":"https:\/\/www.europesays.com\/pt\/wp-json\/wp\/v2\/categories?post=12517"},{"taxonomy":"post_tag","embeddable":true,"href":"https:\/\/www.europesays.com\/pt\/wp-json\/wp\/v2\/tags?post=12517"}],"curies":[{"name":"wp","href":"https:\/\/api.w.org\/{rel}","templated":true}]}}