{"id":125170,"date":"2025-10-24T23:13:07","date_gmt":"2025-10-24T23:13:07","guid":{"rendered":"https:\/\/www.europesays.com\/pt\/125170\/"},"modified":"2025-10-24T23:13:07","modified_gmt":"2025-10-24T23:13:07","slug":"bruno-fernandes-revela-conversa-com-jj-nao-es-caro-demais-para-este-clube","status":"publish","type":"post","link":"https:\/\/www.europesays.com\/pt\/125170\/","title":{"rendered":"Bruno Fernandes revela conversa com JJ: \u00abN\u00e3o \u00e9s caro demais para este clube?\u00bb"},"content":{"rendered":"<p>Bruno Fernandes prepara-se para cumprir o 300.\u00ba jogo com a camisola do Manchester United, mas tal poderia n\u00e3o acontecer, caso tivesse aceite o convite do Al Hilal para rumar \u00e0 Ar\u00e1bia Saudita, no \u00faltimo mercado de transfer\u00eancias.<\/p>\n<p>Em declara\u00e7\u00f5es ao site oficial do clube, o internacional portugu\u00eas revelou mesmo ter chegado a conversar com Jorge Jesus, quando este ainda era treinador do emblema saudita, e recordou algumas palavras que trocou com o t\u00e9cnico, que chegou mesmo a questionar se Bruno Fernandes n\u00e3o era \u00abdemasiado caro\u00bb para o clube o contratar.<\/p>\n<p>\u00abConversei com o Cristiano sobre a situa\u00e7\u00e3o, sobre a Ar\u00e1bia Saudita e tudo mais. Ele agora tem um treinador que tamb\u00e9m falou comigo naquela altura (Jorge Jesus), j\u00e1 que estava no Al Hilal h\u00e1 tr\u00eas anos. Lembro-me que a primeira coisa que o mister me perguntou foi: &#8220;\u00c9s caro demais para o clube?&#8221;. Eu respondi: &#8220;N\u00e3o h\u00e1 jogadores caros para esse clube&#8221;. A verdade \u00e9 que eu n\u00e3o estava ansioso para rumar \u00e0 Ar\u00e1bia, mas tinha um \u00f3timo relacionamento com ele\u00bb, referiu.<\/p>\n<p>\u00abFoi o mister que confiou em mim para ir para o Sporting e jogar em grandes palcos. Mas o Cristiano disse-me que tinha uma opini\u00e3o sobre o que eu devia fazer e era importante para mim ouvir o que ele achava. Claro que a decis\u00e3o final foi tomada por mim e pelo Manchester United\u00bb, confessou.<\/p>\n","protected":false},"excerpt":{"rendered":"Bruno Fernandes prepara-se para cumprir o 300.\u00ba jogo com a camisola do Manchester United, mas tal poderia n\u00e3o&hellip;\n","protected":false},"author":2,"featured_media":125171,"comment_status":"","ping_status":"","sticky":false,"template":"","format":"standard","meta":{"footnotes":""},"categories":[87],"tags":[5406,1145,5532,135,665,46,663,32,33,47,134],"class_list":{"0":"post-125170","1":"post","2":"type-post","3":"status-publish","4":"format-standard","5":"has-post-thumbnail","7":"category-desporto","8":"tag-al-hilal","9":"tag-arabia-saudita","10":"tag-bruno-fernandes","11":"tag-desporto","12":"tag-inglaterra","13":"tag-maisfutebol","14":"tag-manchester-united","15":"tag-portugal","16":"tag-pt","17":"tag-pura-paixao","18":"tag-sports"},"share_on_mastodon":{"url":"https:\/\/pubeurope.com\/@pt\/115431683244422358","error":""},"_links":{"self":[{"href":"https:\/\/www.europesays.com\/pt\/wp-json\/wp\/v2\/posts\/125170","targetHints":{"allow":["GET"]}}],"collection":[{"href":"https:\/\/www.europesays.com\/pt\/wp-json\/wp\/v2\/posts"}],"about":[{"href":"https:\/\/www.europesays.com\/pt\/wp-json\/wp\/v2\/types\/post"}],"author":[{"embeddable":true,"href":"https:\/\/www.europesays.com\/pt\/wp-json\/wp\/v2\/users\/2"}],"replies":[{"embeddable":true,"href":"https:\/\/www.europesays.com\/pt\/wp-json\/wp\/v2\/comments?post=125170"}],"version-history":[{"count":0,"href":"https:\/\/www.europesays.com\/pt\/wp-json\/wp\/v2\/posts\/125170\/revisions"}],"wp:featuredmedia":[{"embeddable":true,"href":"https:\/\/www.europesays.com\/pt\/wp-json\/wp\/v2\/media\/125171"}],"wp:attachment":[{"href":"https:\/\/www.europesays.com\/pt\/wp-json\/wp\/v2\/media?parent=125170"}],"wp:term":[{"taxonomy":"category","embeddable":true,"href":"https:\/\/www.europesays.com\/pt\/wp-json\/wp\/v2\/categories?post=125170"},{"taxonomy":"post_tag","embeddable":true,"href":"https:\/\/www.europesays.com\/pt\/wp-json\/wp\/v2\/tags?post=125170"}],"curies":[{"name":"wp","href":"https:\/\/api.w.org\/{rel}","templated":true}]}}