{"id":125184,"date":"2025-10-24T23:39:17","date_gmt":"2025-10-24T23:39:17","guid":{"rendered":"https:\/\/www.europesays.com\/pt\/125184\/"},"modified":"2025-10-24T23:39:17","modified_gmt":"2025-10-24T23:39:17","slug":"alta-tensao-em-terra-forte-sou-a-rosa-maria-mae-da-flor-e-sua-sogra-novelas","status":"publish","type":"post","link":"https:\/\/www.europesays.com\/pt\/125184\/","title":{"rendered":"Alta tens\u00e3o em \u00abTerra Forte\u00bb: \u00abSou a Rosa Maria, m\u00e3e da Flor e sua sogra\u00bb &#8211; Novelas"},"content":{"rendered":"<p>Em \u00abTerra Forte\u00bb, Flor (Benedita Pereira) diz a Rosa Maria (Cust\u00f3dia Gallego) que ela est\u00e1 mesmo enganada sobre ser filha dela, argumentando que ela est\u00e1 a projetar nela o grande desejo que tem de encontr\u00e1-la. Rosa Maria redargue que cora\u00e7\u00e3o de m\u00e3e n\u00e3o mente, e saber que ela \u00e9 Flor. Ant\u00f3nio (Jo\u00e3o Catarr\u00e9) chega, com Rosa Maria a apresentar-se de imediato como m\u00e3e de Flor.<\/p>\n","protected":false},"excerpt":{"rendered":"Em \u00abTerra Forte\u00bb, Flor (Benedita Pereira) diz a Rosa Maria (Cust\u00f3dia Gallego) que ela est\u00e1 mesmo enganada sobre&hellip;\n","protected":false},"author":2,"featured_media":125185,"comment_status":"","ping_status":"","sticky":false,"template":"","format":"standard","meta":{"footnotes":""},"categories":[142],"tags":[160,166,114,115,157,167,164,2931,161,158,165,159,32,33,156,18614,163,151,162],"class_list":{"0":"post-125184","1":"post","2":"type-post","3":"status-publish","4":"format-standard","5":"has-post-thumbnail","7":"category-tv","8":"tag-ana-guiomar","9":"tag-cristina-ferreira","10":"tag-entertainment","11":"tag-entretenimento","12":"tag-festa-e-festa","13":"tag-ficcao","14":"tag-jose-fidalgo","15":"tag-novela","16":"tag-novelas","17":"tag-para-sempre","18":"tag-pedro-sousa","19":"tag-pedro-teixeira","20":"tag-portugal","21":"tag-pt","22":"tag-queridos-papas","23":"tag-terra-forte","24":"tag-tiago-teotonio-pereira","25":"tag-tv","26":"tag-tvi"},"share_on_mastodon":{"url":"https:\/\/pubeurope.com\/@pt\/115431785467642652","error":""},"_links":{"self":[{"href":"https:\/\/www.europesays.com\/pt\/wp-json\/wp\/v2\/posts\/125184","targetHints":{"allow":["GET"]}}],"collection":[{"href":"https:\/\/www.europesays.com\/pt\/wp-json\/wp\/v2\/posts"}],"about":[{"href":"https:\/\/www.europesays.com\/pt\/wp-json\/wp\/v2\/types\/post"}],"author":[{"embeddable":true,"href":"https:\/\/www.europesays.com\/pt\/wp-json\/wp\/v2\/users\/2"}],"replies":[{"embeddable":true,"href":"https:\/\/www.europesays.com\/pt\/wp-json\/wp\/v2\/comments?post=125184"}],"version-history":[{"count":0,"href":"https:\/\/www.europesays.com\/pt\/wp-json\/wp\/v2\/posts\/125184\/revisions"}],"wp:featuredmedia":[{"embeddable":true,"href":"https:\/\/www.europesays.com\/pt\/wp-json\/wp\/v2\/media\/125185"}],"wp:attachment":[{"href":"https:\/\/www.europesays.com\/pt\/wp-json\/wp\/v2\/media?parent=125184"}],"wp:term":[{"taxonomy":"category","embeddable":true,"href":"https:\/\/www.europesays.com\/pt\/wp-json\/wp\/v2\/categories?post=125184"},{"taxonomy":"post_tag","embeddable":true,"href":"https:\/\/www.europesays.com\/pt\/wp-json\/wp\/v2\/tags?post=125184"}],"curies":[{"name":"wp","href":"https:\/\/api.w.org\/{rel}","templated":true}]}}