{"id":125193,"date":"2025-10-24T23:48:08","date_gmt":"2025-10-24T23:48:08","guid":{"rendered":"https:\/\/www.europesays.com\/pt\/125193\/"},"modified":"2025-10-24T23:48:08","modified_gmt":"2025-10-24T23:48:08","slug":"tribunal-constitucional-deixa-cdu-a-um-voto-do-chega-em-lisboa-e-ordena-recontagem-de-uma-seccao-de-voto","status":"publish","type":"post","link":"https:\/\/www.europesays.com\/pt\/125193\/","title":{"rendered":"Tribunal Constitucional deixa CDU a um voto do Chega em Lisboa e ordena recontagem de uma sec\u00e7\u00e3o de voto"},"content":{"rendered":"<p>O Tribunal Constitucional (TC) j\u00e1 avaliou o <a aria-label=\"content\" target=\"_blank\" href=\"https:\/\/www.tribunalconstitucional.pt\/tc\/acordaos\/20250998.html\" rel=\"nofollow noopener\">recurso da CDU<\/a> e acedeu ao pedido de fazer a recontagem dos votos da sec\u00e7\u00e3o de voto n\u00famero 28 da assembleia de voto da freguesia de S\u00e3o Domingos de Benfica, algo que ser\u00e1 realizado num futuro pr\u00f3ximo pela assembleia de apuramento geral, avan\u00e7a o <a aria-label=\"content\" target=\"_blank\" href=\"https:\/\/observador.pt\/2025\/10\/24\/decisao-do-tc-deixa-cdu-a-apenas-um-voto-do-chega-e-ordena-recontagem-de-uma-seccao-de-voto\/\" rel=\"nofollow noopener\">Observador<\/a>.<\/p>\n<p>No cen\u00e1rio atual, com as decis\u00f5es tomadas, a coliga\u00e7\u00e3o encabe\u00e7ada por Jo\u00e3o Ferreira ficou a apenas um voto do Chega e continuar\u00e1 a sonhar com a possibilidade de reeleger a vereadora Ana Jara, que havia perdido o lugar para a segunda vereadora do Chega, Ana Sim\u00f5es Silva.<\/p>\n<p>O Chega teve 26 754 votos em todo o munic\u00edpio, enquanto a CDU teve 26 753.<\/p>\n<p>H\u00e1 uma semana, a assembleia de apuramento geral havia adiantado que o Chega obteve em Lisboa 26.755 votos, mais tr\u00eas do que a CDU, confirmando a distribui\u00e7\u00e3o de mandatos de dois vereadores para o Chega e um para a coliga\u00e7\u00e3o. Contudo, a CDU interp\u00f4s recurso, alegando que havia 60 votos por contabilizar na freguesia de S\u00e3o Domingos de Benfica, em Lisboa, \u201cque n\u00e3o chegaram a ser contados\u201d no dia das elei\u00e7\u00f5es aut\u00e1rquicas.<\/p>\n","protected":false},"excerpt":{"rendered":"O Tribunal Constitucional (TC) j\u00e1 avaliou o recurso da CDU e acedeu ao pedido de fazer a recontagem&hellip;\n","protected":false},"author":2,"featured_media":114014,"comment_status":"","ping_status":"","sticky":false,"template":"","format":"standard","meta":{"footnotes":""},"categories":[10],"tags":[15187,2431,27,28,4861,15,16,14,25,26,797,21,22,12,13,19,20,32,23,24,33,17,18,298,29,30,31],"class_list":{"0":"post-125193","1":"post","2":"type-post","3":"status-publish","4":"format-standard","5":"has-post-thumbnail","7":"category-portugal","8":"tag-autarquicas","9":"tag-autarquicas-2025","10":"tag-breaking-news","11":"tag-breakingnews","12":"tag-cdu","13":"tag-featured-news","14":"tag-featurednews","15":"tag-headlines","16":"tag-latest-news","17":"tag-latestnews","18":"tag-lisboa","19":"tag-main-news","20":"tag-mainnews","21":"tag-news","22":"tag-noticias","23":"tag-noticias-principais","24":"tag-noticiasprincipais","25":"tag-portugal","26":"tag-principais-noticias","27":"tag-principaisnoticias","28":"tag-pt","29":"tag-top-stories","30":"tag-topstories","31":"tag-tribunal-constitucional","32":"tag-ultimas","33":"tag-ultimas-noticias","34":"tag-ultimasnoticias"},"share_on_mastodon":{"url":"https:\/\/pubeurope.com\/@pt\/115431820671260965","error":""},"_links":{"self":[{"href":"https:\/\/www.europesays.com\/pt\/wp-json\/wp\/v2\/posts\/125193","targetHints":{"allow":["GET"]}}],"collection":[{"href":"https:\/\/www.europesays.com\/pt\/wp-json\/wp\/v2\/posts"}],"about":[{"href":"https:\/\/www.europesays.com\/pt\/wp-json\/wp\/v2\/types\/post"}],"author":[{"embeddable":true,"href":"https:\/\/www.europesays.com\/pt\/wp-json\/wp\/v2\/users\/2"}],"replies":[{"embeddable":true,"href":"https:\/\/www.europesays.com\/pt\/wp-json\/wp\/v2\/comments?post=125193"}],"version-history":[{"count":0,"href":"https:\/\/www.europesays.com\/pt\/wp-json\/wp\/v2\/posts\/125193\/revisions"}],"wp:featuredmedia":[{"embeddable":true,"href":"https:\/\/www.europesays.com\/pt\/wp-json\/wp\/v2\/media\/114014"}],"wp:attachment":[{"href":"https:\/\/www.europesays.com\/pt\/wp-json\/wp\/v2\/media?parent=125193"}],"wp:term":[{"taxonomy":"category","embeddable":true,"href":"https:\/\/www.europesays.com\/pt\/wp-json\/wp\/v2\/categories?post=125193"},{"taxonomy":"post_tag","embeddable":true,"href":"https:\/\/www.europesays.com\/pt\/wp-json\/wp\/v2\/tags?post=125193"}],"curies":[{"name":"wp","href":"https:\/\/api.w.org\/{rel}","templated":true}]}}