{"id":125221,"date":"2025-10-25T00:26:12","date_gmt":"2025-10-25T00:26:12","guid":{"rendered":"https:\/\/www.europesays.com\/pt\/125221\/"},"modified":"2025-10-25T00:26:12","modified_gmt":"2025-10-25T00:26:12","slug":"terra-forte-marcus-tem-um-novo-plano-para-destruir-maria-de-fatima-e-a-acoreana-novelas","status":"publish","type":"post","link":"https:\/\/www.europesays.com\/pt\/125221\/","title":{"rendered":"Terra Forte: Marcus tem um novo plano para destruir Maria de F\u00e1tima e a A\u00e7oreana &#8211; Novelas"},"content":{"rendered":"<p>Em \u00abTerra Forte\u00bb, Vini (Gustavo Alves) sossega Marcus (Vitor Hugo) a dizer que nada liga o nome dele ao protesto no barco da A\u00e7oreana. Marcus conta que Maria de F\u00e1tima despediu Vivi (Sofia Nicholson) por achar que ela lhe andava a passar informa\u00e7\u00f5es e indica ao filho para voltarem a atacar a A\u00e7oreana, pedindo-lhe que arranje maneira de sabotar o sistema inform\u00e1tico deles.<\/p>\n","protected":false},"excerpt":{"rendered":"Em \u00abTerra Forte\u00bb, Vini (Gustavo Alves) sossega Marcus (Vitor Hugo) a dizer que nada liga o nome dele&hellip;\n","protected":false},"author":2,"featured_media":125222,"comment_status":"","ping_status":"","sticky":false,"template":"","format":"standard","meta":{"footnotes":""},"categories":[142],"tags":[160,166,114,115,157,167,164,2931,161,158,165,159,32,33,156,18614,163,151,162],"class_list":{"0":"post-125221","1":"post","2":"type-post","3":"status-publish","4":"format-standard","5":"has-post-thumbnail","7":"category-tv","8":"tag-ana-guiomar","9":"tag-cristina-ferreira","10":"tag-entertainment","11":"tag-entretenimento","12":"tag-festa-e-festa","13":"tag-ficcao","14":"tag-jose-fidalgo","15":"tag-novela","16":"tag-novelas","17":"tag-para-sempre","18":"tag-pedro-sousa","19":"tag-pedro-teixeira","20":"tag-portugal","21":"tag-pt","22":"tag-queridos-papas","23":"tag-terra-forte","24":"tag-tiago-teotonio-pereira","25":"tag-tv","26":"tag-tvi"},"share_on_mastodon":{"url":"https:\/\/pubeurope.com\/@pt\/115431970197831883","error":""},"_links":{"self":[{"href":"https:\/\/www.europesays.com\/pt\/wp-json\/wp\/v2\/posts\/125221","targetHints":{"allow":["GET"]}}],"collection":[{"href":"https:\/\/www.europesays.com\/pt\/wp-json\/wp\/v2\/posts"}],"about":[{"href":"https:\/\/www.europesays.com\/pt\/wp-json\/wp\/v2\/types\/post"}],"author":[{"embeddable":true,"href":"https:\/\/www.europesays.com\/pt\/wp-json\/wp\/v2\/users\/2"}],"replies":[{"embeddable":true,"href":"https:\/\/www.europesays.com\/pt\/wp-json\/wp\/v2\/comments?post=125221"}],"version-history":[{"count":0,"href":"https:\/\/www.europesays.com\/pt\/wp-json\/wp\/v2\/posts\/125221\/revisions"}],"wp:featuredmedia":[{"embeddable":true,"href":"https:\/\/www.europesays.com\/pt\/wp-json\/wp\/v2\/media\/125222"}],"wp:attachment":[{"href":"https:\/\/www.europesays.com\/pt\/wp-json\/wp\/v2\/media?parent=125221"}],"wp:term":[{"taxonomy":"category","embeddable":true,"href":"https:\/\/www.europesays.com\/pt\/wp-json\/wp\/v2\/categories?post=125221"},{"taxonomy":"post_tag","embeddable":true,"href":"https:\/\/www.europesays.com\/pt\/wp-json\/wp\/v2\/tags?post=125221"}],"curies":[{"name":"wp","href":"https:\/\/api.w.org\/{rel}","templated":true}]}}