{"id":125225,"date":"2025-10-25T00:29:10","date_gmt":"2025-10-25T00:29:10","guid":{"rendered":"https:\/\/www.europesays.com\/pt\/125225\/"},"modified":"2025-10-25T00:29:10","modified_gmt":"2025-10-25T00:29:10","slug":"gp-mexico-f1-tl1-charles-leclerc-foi-o-mais-rapido-arvid-lindblad-destacou-se","status":"publish","type":"post","link":"https:\/\/www.europesays.com\/pt\/125225\/","title":{"rendered":"GP M\u00e9xico F1, TL1: Charles Leclerc foi o mais r\u00e1pido, Arvid Lindblad destacou-se"},"content":{"rendered":"<p>Num Treino Livre 1 pouco representativo, dadas as condi\u00e7\u00f5es da pista, a temperatura e os participantes, foi Charles Leclerc a ficar com o melhor tempo da sess\u00e3o, seguido de Kimi Antonelli e Nico H\u00fclkenberg. Com novo estreantes e uma pista a escaldar, os tempos ficaram longe das refer\u00eancias do ano passado.<\/p>\n<p>O Aut\u00f3dromo Hermanos Rodrigues engalanou-se para receber a 20\u00aa jornada do Campeonato do Mundo de F1 2025, que est\u00e1 cada vez mais quente, com a luta pelo t\u00edtulo de pilotos em aberto. Oscar Piastri, Lando Norris e Max Verstappen jogam mais uma cartada importante, mas neste treino, apenas Piastri marcar presen\u00e7a.<\/p>\n<p>Com nove estreantes a subirem ao \u201cpalco\u201d para as equipas cumprirem com o n\u00famero m\u00ednimo de sess\u00f5es para estreantes, Norris e Verstappen ficaram a ver a a\u00e7\u00e3o do muro das boxes. <\/p>\n<blockquote class=\"twitter-tweet\">\n<p lang=\"en\" dir=\"ltr\">Nine rookies are taking part in Friday&#8217;s FP1 \ud83e\udd29<\/p>\n<p>Good luck to everyone! \ud83d\ude4c<a href=\"https:\/\/twitter.com\/hashtag\/F1?src=hash&amp;ref_src=twsrc%5Etfw\" rel=\"nofollow noopener\" target=\"_blank\">#F1<\/a> <a href=\"https:\/\/twitter.com\/hashtag\/MexicoGP?src=hash&amp;ref_src=twsrc%5Etfw\" rel=\"nofollow noopener\" target=\"_blank\">#MexicoGP<\/a> <a href=\"https:\/\/t.co\/FY5PbPUcKc\" rel=\"nofollow\">pic.twitter.com\/FY5PbPUcKc<\/a><\/p>\n<p>\u2014 Formula 1 (@F1) <a href=\"https:\/\/twitter.com\/F1\/status\/1981751286056759429?ref_src=twsrc%5Etfw\" rel=\"nofollow noopener\" target=\"_blank\">October 24, 2025<\/a><\/p>\n<\/blockquote>\n<p>A McLaren deu oportunidade a Pato O\u2019Ward, enquanto a Ferrari entregou o carro a Antonio Fuoco (em vez de Lewis Hamilton) e a Mercedes chamou Frederik Vesti para o lugar de George Russell. Arvid Lindblad esteve ao servi\u00e7o da Red Bull, ao passo que Luke Browning assumiu o lugar de Carlos Sainz na Williams. A Aston Martin promoveu a estreia de Jak Crawford, para o lugar de Lance Stroll, a Haas contou com Ryo Hirakawa para o lugar de Oliver Bearman e a Racing Bulls recorreu a Ayumu Iwasa que esteve no carro de Liam Lawson. Na Alpine, Paul Aron voltou a participar ap\u00f3s boas exibi\u00e7\u00f5es anteriores, no lugar de Pierre Gasly. Apenas a Sauber n\u00e3o apresentou uma dupla com mudan\u00e7as.<\/p>\n<blockquote class=\"twitter-tweet\">\n<p lang=\"en\" dir=\"ltr\">Out on track in Mexico! \ud83d\ude2e\u200d\ud83d\udca8<a href=\"https:\/\/twitter.com\/hashtag\/F1?src=hash&amp;ref_src=twsrc%5Etfw\" rel=\"nofollow noopener\" target=\"_blank\">#F1<\/a> <a href=\"https:\/\/twitter.com\/hashtag\/MexicoGP?src=hash&amp;ref_src=twsrc%5Etfw\" rel=\"nofollow noopener\" target=\"_blank\">#MexicoGP<\/a> <a href=\"https:\/\/t.co\/oOq8qBkvqC\" rel=\"nofollow\">pic.twitter.com\/oOq8qBkvqC<\/a><\/p>\n<p>\u2014 Formula 1 (@F1) <a href=\"https:\/\/twitter.com\/F1\/status\/1981795923891302459?ref_src=twsrc%5Etfw\" rel=\"nofollow noopener\" target=\"_blank\">October 24, 2025<\/a><\/p>\n<\/blockquote>\n<p>Com os pneus duros a serem a escolha da grande maioria, as primeiras voltas foram feitas no segundo 22, com os pilotos a entrarem depressa no segundo 21. <\/p>\n<p>Ao fim de 15 minutos, Isack Hadjar liderava a tabela, j\u00e1 no segundo 20, seguido de Nico H\u00fclkenberg e Esteban Ocon. Com uma sess\u00e3o calma e a evoluir progressivamente, Hadjar manteve-se no topo da tabela, quando chegamos a meio da sess\u00e3o. Foi nessa altura que Piastri \u201ccal\u00e7ou\u201d os pneus mais macios, e saltou para o topo da tabela, com o primeiro tempo com as borrachas marcados a vermelho. <\/p>\n<p>Os tempos foram caindo paulatinamente e a vinte minutos do fim, Charles Leclerc liderava, bem instalado no segundo 18, seguido de Kimi Antonelli e Nico H\u00fclkenberg (cujo capacete que est\u00e1 a usar vai ser leiloado, com o resultado a reverter para uma institui\u00e7\u00e3o de solidariedade local).<\/p>\n<p>No final da calma primeira sess\u00e3o de treinos, Charles Leclerc manteve o melhor tempo (1:18.380), seguido de Antonelli e Hulkenberg. Seguiram-se Piastri, Gabriel Bortoleto, Arvid Lindblad, Esteban Ocon, Yuki Tsunoda, Franco Colapinto e Alex Albon. <\/p>\n<p>Pato O\u00b4Ward ficou com o 13\u00ba tempo, \u00e0 frente de Frederik Vesti, Paul Aron, Ryo Hirakawa, Ayumu Iwasa, Luke Browning, Jak Crawford e Antonio Fuoco. Os estreantes ficaram na segunda metade da tabela, \u00e0 excess\u00e3o de Lindblad que ficou com o sexto tempo, o melhor rookie da sess\u00e3o. <\/p>\n<p><img loading=\"lazy\" decoding=\"async\" width=\"606\" height=\"785\" data-lazy-type=\"image\" src=\"https:\/\/www.europesays.com\/pt\/wp-content\/uploads\/2025\/10\/tl1-mexico.jpg\" alt=\"\" class=\"lazy lazy-hidden wp-image-732107\"\/><br \/>\n\t\t\t<script async src=\"https:\/\/platform.twitter.com\/widgets.js\" charset=\"utf-8\"><\/script><\/p>\n","protected":false},"excerpt":{"rendered":"Num Treino Livre 1 pouco representativo, dadas as condi\u00e7\u00f5es da pista, a temperatura e os participantes, foi Charles&hellip;\n","protected":false},"author":2,"featured_media":125226,"comment_status":"","ping_status":"","sticky":false,"template":"","format":"standard","meta":{"footnotes":""},"categories":[87],"tags":[28782,5517,135,1162,970,971,28153,718,32,33,134],"class_list":{"0":"post-125225","1":"post","2":"type-post","3":"status-publish","4":"format-standard","5":"has-post-thumbnail","7":"category-desporto","8":"tag-arvid-lindblad","9":"tag-charles-leclerc","10":"tag-desporto","11":"tag-destaque-homepage","12":"tag-f1","13":"tag-formula-1","14":"tag-gp-mexico","15":"tag-newsletter","16":"tag-portugal","17":"tag-pt","18":"tag-sports"},"share_on_mastodon":{"url":"https:\/\/pubeurope.com\/@pt\/115431982114334638","error":""},"_links":{"self":[{"href":"https:\/\/www.europesays.com\/pt\/wp-json\/wp\/v2\/posts\/125225","targetHints":{"allow":["GET"]}}],"collection":[{"href":"https:\/\/www.europesays.com\/pt\/wp-json\/wp\/v2\/posts"}],"about":[{"href":"https:\/\/www.europesays.com\/pt\/wp-json\/wp\/v2\/types\/post"}],"author":[{"embeddable":true,"href":"https:\/\/www.europesays.com\/pt\/wp-json\/wp\/v2\/users\/2"}],"replies":[{"embeddable":true,"href":"https:\/\/www.europesays.com\/pt\/wp-json\/wp\/v2\/comments?post=125225"}],"version-history":[{"count":0,"href":"https:\/\/www.europesays.com\/pt\/wp-json\/wp\/v2\/posts\/125225\/revisions"}],"wp:featuredmedia":[{"embeddable":true,"href":"https:\/\/www.europesays.com\/pt\/wp-json\/wp\/v2\/media\/125226"}],"wp:attachment":[{"href":"https:\/\/www.europesays.com\/pt\/wp-json\/wp\/v2\/media?parent=125225"}],"wp:term":[{"taxonomy":"category","embeddable":true,"href":"https:\/\/www.europesays.com\/pt\/wp-json\/wp\/v2\/categories?post=125225"},{"taxonomy":"post_tag","embeddable":true,"href":"https:\/\/www.europesays.com\/pt\/wp-json\/wp\/v2\/tags?post=125225"}],"curies":[{"name":"wp","href":"https:\/\/api.w.org\/{rel}","templated":true}]}}