{"id":125229,"date":"2025-10-25T00:36:14","date_gmt":"2025-10-25T00:36:14","guid":{"rendered":"https:\/\/www.europesays.com\/pt\/125229\/"},"modified":"2025-10-25T00:36:14","modified_gmt":"2025-10-25T00:36:14","slug":"video-rui-costa-emociona-se-no-encerramento-da-campanha","status":"publish","type":"post","link":"https:\/\/www.europesays.com\/pt\/125229\/","title":{"rendered":"V\u00cdDEO: Rui Costa emociona-se no encerramento da campanha"},"content":{"rendered":"<p>Rui Costa encerrou esta sexta-feira a campanha eleitoral Casa do Benfica de Santar\u00e9m, onde juntou algumas dezenas de adeptos encarnados. Entre eles Pedro Mantorras, que apareceu no \u00faltimo dia para manifestar apoio ao antigo companheiro e agora presidente do Benfica.<\/p>\n<p>Havia, no entanto, quatro adeptos mais especiais: o pai, a m\u00e3e, a mulher e um filho (o outro filho n\u00e3o p\u00f4de estar presente).<\/p>\n<p>Ao falar deles, ali\u00e1s, Rui Costa emocionou-se e ficou com a voz embargada.<\/p>\n<p>\u00abOs meus pais fizeram quest\u00e3o de estar aqui hoje comigo, mais a minha mulher e o meu filho, e talvez s\u00f3 eles possam explicar o que foi para mim chegar a casa e dizer-lhes: &#8216;Daqui a um bocado eu sou presidente do Benfica&#8217;\u00bb, referiu um emocionado presidente encarnado.<\/p>\n<p>\u00ab\u00c9 das fun\u00e7\u00f5es mais dif\u00edceis que se pode ter, sabia das responsabilidades que ia ter e sabia que n\u00e3o era nenhum brinquedo. Ia ser presidente de milh\u00f5es e milh\u00f5es de apaixonados. Ao fim de quatro anos, devolvemos ao nosso clube aqueles que foram sempre os nossos pergaminhos.\u00bb<\/p>\n","protected":false},"excerpt":{"rendered":"Rui Costa encerrou esta sexta-feira a campanha eleitoral Casa do Benfica de Santar\u00e9m, onde juntou algumas dezenas de&hellip;\n","protected":false},"author":2,"featured_media":125230,"comment_status":"","ping_status":"","sticky":false,"template":"","format":"standard","meta":{"footnotes":""},"categories":[8],"tags":[51,27,28,1677,2258,11568,15,16,14,25,26,36,21,22,46,12,13,19,20,32,23,24,33,47,6058,17,18,29,30,31],"class_list":{"0":"post-125229","1":"post","2":"type-post","3":"status-publish","4":"format-standard","5":"has-post-thumbnail","7":"category-principais-noticias","8":"tag-benfica","9":"tag-breaking-news","10":"tag-breakingnews","11":"tag-campanha","12":"tag-eleicoes","13":"tag-eleicoes-benfica","14":"tag-featured-news","15":"tag-featurednews","16":"tag-headlines","17":"tag-latest-news","18":"tag-latestnews","19":"tag-liga","20":"tag-main-news","21":"tag-mainnews","22":"tag-maisfutebol","23":"tag-news","24":"tag-noticias","25":"tag-noticias-principais","26":"tag-noticiasprincipais","27":"tag-portugal","28":"tag-principais-noticias","29":"tag-principaisnoticias","30":"tag-pt","31":"tag-pura-paixao","32":"tag-rui-costa","33":"tag-top-stories","34":"tag-topstories","35":"tag-ultimas","36":"tag-ultimas-noticias","37":"tag-ultimasnoticias"},"share_on_mastodon":{"url":"https:\/\/pubeurope.com\/@pt\/115432009487916538","error":""},"_links":{"self":[{"href":"https:\/\/www.europesays.com\/pt\/wp-json\/wp\/v2\/posts\/125229","targetHints":{"allow":["GET"]}}],"collection":[{"href":"https:\/\/www.europesays.com\/pt\/wp-json\/wp\/v2\/posts"}],"about":[{"href":"https:\/\/www.europesays.com\/pt\/wp-json\/wp\/v2\/types\/post"}],"author":[{"embeddable":true,"href":"https:\/\/www.europesays.com\/pt\/wp-json\/wp\/v2\/users\/2"}],"replies":[{"embeddable":true,"href":"https:\/\/www.europesays.com\/pt\/wp-json\/wp\/v2\/comments?post=125229"}],"version-history":[{"count":0,"href":"https:\/\/www.europesays.com\/pt\/wp-json\/wp\/v2\/posts\/125229\/revisions"}],"wp:featuredmedia":[{"embeddable":true,"href":"https:\/\/www.europesays.com\/pt\/wp-json\/wp\/v2\/media\/125230"}],"wp:attachment":[{"href":"https:\/\/www.europesays.com\/pt\/wp-json\/wp\/v2\/media?parent=125229"}],"wp:term":[{"taxonomy":"category","embeddable":true,"href":"https:\/\/www.europesays.com\/pt\/wp-json\/wp\/v2\/categories?post=125229"},{"taxonomy":"post_tag","embeddable":true,"href":"https:\/\/www.europesays.com\/pt\/wp-json\/wp\/v2\/tags?post=125229"}],"curies":[{"name":"wp","href":"https:\/\/api.w.org\/{rel}","templated":true}]}}