{"id":125235,"date":"2025-10-25T00:41:06","date_gmt":"2025-10-25T00:41:06","guid":{"rendered":"https:\/\/www.europesays.com\/pt\/125235\/"},"modified":"2025-10-25T00:41:06","modified_gmt":"2025-10-25T00:41:06","slug":"apos-ador-min-hee-jin-abre-nova-agencia-de-entretenimento-aponta-imprensa-sul-coreana","status":"publish","type":"post","link":"https:\/\/www.europesays.com\/pt\/125235\/","title":{"rendered":"Ap\u00f3s ADOR, Min Hee Jin abre nova ag\u00eancia de entretenimento, aponta imprensa sul-coreana"},"content":{"rendered":"<p>Nesta sexta-feira, 24, a imprensa sul-coreana anunciou que a ex-CEO da ADOR,\u00a0<strong>Min Hee Jin<\/strong>, fundou uma gravadora independente chamada \u201cooak\u201d. O rein\u00edcio da diretora criativa respons\u00e1vel pelo <a href=\"https:\/\/recreio.com.br\/tags\/k-pop\" target=\"_blank\" rel=\"noopener nofollow\">NewJeans<\/a> \u00e9 o pontap\u00e9 de uma nova trajet\u00f3ria na ind\u00fastria do entretenimento enquanto mant\u00e9m disputa legal com a empresa subsidi\u00e1ria da HYBE.<\/p>\n<p>Segundo veiculado, com objetivos voltados as \u00e1reas de gest\u00e3o de artistas, produ\u00e7\u00e3o e distribui\u00e7\u00e3o de m\u00fasica, \u00e1lbuns, performances e eventos, a ag\u00eancia foi registrada no dia 16 de outubro e ser\u00e1 localizada nas proximidades de <a href=\"https:\/\/en.wikipedia.org\/wiki\/Garosu-gil\" target=\"_blank\" rel=\"noopener nofollow\">Sinsa-dong Garosu-gil,<\/a> em Gangnam, com o pr\u00e9dio atualmente em constru\u00e7\u00e3o.<\/p>\n<p>Registrando quase um ano ap\u00f3s sua sa\u00edda da <a href=\"https:\/\/adoraudition.world\/\" target=\"_blank\" rel=\"noopener nofollow\">ADOR<\/a>, em novembro de 2024, vale ressaltar que a decis\u00e3o final do j\u00fari sul-coreano sobre a validade do contrato de <strong>Minji, Hanni, Danielle, Haerin <\/strong>e <strong>Hyein<\/strong>, integrantes do NewJeans, acontece na pr\u00f3xima quinta-feira (30), e, caso seja decidido a favor das artistas, elas poder\u00e3o procurar uma nova empresa de gest\u00e3o para retomar suas atividades de entretenimento. A abertura da empresa de\u00a0<strong>Min Hee Jin\u00a0<\/strong>urge a oportunidade do quinteto e a diretora criativa voltarem a colaborar.<\/p>\n<p>Enquanto isso, atualmente a produtora musical ainda est\u00e1 envolvida em um processo contra a <a href=\"https:\/\/recreio.com.br\/noticias\/entretenimento\/blackpink-bts-e-mais-golden-disc-awards-homenageara-artistas-mais-influentes-do-k-pop.phtml\" target=\"_blank\" rel=\"noopener nofollow\">HYBE<\/a> sobre a rescis\u00e3o unilateral do contrato de acionistas pela ag\u00eancia.<\/p>\n<p>\t Relembre caso <\/p>\n<p>O caso gira em torno da rescis\u00e3o desse contrato, que previa um mandato de cinco anos para <a href=\"https:\/\/www.instagram.com\/min.hee.jin\/?hl=en\" target=\"_blank\" rel=\"noopener nofollow\"><strong>Hee Jin<\/strong><\/a> como CEO da ADOR. Ela foi for\u00e7ada a deixar o cargo em agosto de 2024, ap\u00f3s decis\u00e3o do conselho, o que, segundo sua equipe jur\u00eddica, aconteceu de forma indevida depois de ser acusada de viola\u00e7\u00e3o de dever e de tentar desvincular a ADOR da HYBE. A empresa, por sua vez, defendia que o acordo j\u00e1 havia sido encerrado antes da demiss\u00e3o, pois segundo a ag\u00eancia, o desligamento da ex-diretora foi uma decis\u00e3o independente do conselho da ADOR, sem envolvimento direto dela.<\/p>\n<p>Vale lembrar que, em julho deste ano, a Delegacia de Pol\u00edcia de Yongsan, em Seul, anunciou que, ap\u00f3s um ano de investiga\u00e7\u00f5es, a empres\u00e1ria foi inocentada das acusa\u00e7\u00f5es feitas pelo conglomerado HYBE sobre viola\u00e7\u00e3o de confian\u00e7a ocupacional.\u00a0<\/p>\n<p>\t                                            <script async src=\"\/\/www.instagram.com\/embed.js\"><\/script><\/p>\n","protected":false},"excerpt":{"rendered":"Nesta sexta-feira, 24, a imprensa sul-coreana anunciou que a ex-CEO da ADOR,\u00a0Min Hee Jin, fundou uma gravadora independente&hellip;\n","protected":false},"author":2,"featured_media":125236,"comment_status":"","ping_status":"","sticky":false,"template":"","format":"standard","meta":{"footnotes":""},"categories":[141],"tags":[28783,114,115,1688,28784,149,150,28785,32,33],"class_list":{"0":"post-125235","1":"post","2":"type-post","3":"status-publish","4":"format-standard","5":"has-post-thumbnail","7":"category-musica","8":"tag-ador","9":"tag-entertainment","10":"tag-entretenimento","11":"tag-k-pop","12":"tag-min-hee-jin","13":"tag-music","14":"tag-musica","15":"tag-newjeans","16":"tag-portugal","17":"tag-pt"},"share_on_mastodon":{"url":"https:\/\/pubeurope.com\/@pt\/115432029081529043","error":""},"_links":{"self":[{"href":"https:\/\/www.europesays.com\/pt\/wp-json\/wp\/v2\/posts\/125235","targetHints":{"allow":["GET"]}}],"collection":[{"href":"https:\/\/www.europesays.com\/pt\/wp-json\/wp\/v2\/posts"}],"about":[{"href":"https:\/\/www.europesays.com\/pt\/wp-json\/wp\/v2\/types\/post"}],"author":[{"embeddable":true,"href":"https:\/\/www.europesays.com\/pt\/wp-json\/wp\/v2\/users\/2"}],"replies":[{"embeddable":true,"href":"https:\/\/www.europesays.com\/pt\/wp-json\/wp\/v2\/comments?post=125235"}],"version-history":[{"count":0,"href":"https:\/\/www.europesays.com\/pt\/wp-json\/wp\/v2\/posts\/125235\/revisions"}],"wp:featuredmedia":[{"embeddable":true,"href":"https:\/\/www.europesays.com\/pt\/wp-json\/wp\/v2\/media\/125236"}],"wp:attachment":[{"href":"https:\/\/www.europesays.com\/pt\/wp-json\/wp\/v2\/media?parent=125235"}],"wp:term":[{"taxonomy":"category","embeddable":true,"href":"https:\/\/www.europesays.com\/pt\/wp-json\/wp\/v2\/categories?post=125235"},{"taxonomy":"post_tag","embeddable":true,"href":"https:\/\/www.europesays.com\/pt\/wp-json\/wp\/v2\/tags?post=125235"}],"curies":[{"name":"wp","href":"https:\/\/api.w.org\/{rel}","templated":true}]}}