{"id":125248,"date":"2025-10-25T00:57:10","date_gmt":"2025-10-25T00:57:10","guid":{"rendered":"https:\/\/www.europesays.com\/pt\/125248\/"},"modified":"2025-10-25T00:57:10","modified_gmt":"2025-10-25T00:57:10","slug":"baja-portalegre-500-joao-ferreira-vence-ss1","status":"publish","type":"post","link":"https:\/\/www.europesays.com\/pt\/125248\/","title":{"rendered":"Baja Portalegre 500: Jo\u00e3o Ferreira vence SS1"},"content":{"rendered":"<p>Jo\u00e3o Ferreira \/ Filipe Palmeiro (Toyota Hilux EVO T1+) foram os mais r\u00e1pidos na SS1 da Baja Portalegre 500, completando os 70,99km deste primeiro Setor Seletivo em 53:06.4. Gon\u00e7alo Guerreiro \/ Pablo Moreno (Polaris RZR Pro R T4) foram os segundos mais r\u00e1pidos do dia, \u00e0 frente de Daniel Silva \/ Gon\u00e7alo Magalh\u00e3es (Taurus T3 MAX T3.1).<\/p>\n<p>Jo\u00e3o Ferreira come\u00e7ou a prova a todo o g\u00e1s e dominou todo este Setor Seletivo. Ao Km 25,2 seguia na frente com pouco mais de oito segundos de vantagem para Gon\u00e7alo Guerreiro, seguidos de Jo\u00e3o Monteiro \/ Nuno Morais (BRP Can-Am Maverick R), Lu\u00eds Cidade \/ Valter Cardoso (BRP Can-Am Maverick R) e Miguel Barbosa \/ Joel Lutas (Taurus T3 MAX T3.1) a fecharem o top 5. Nesta fase, as dist\u00e2ncias eram relativamente curtas.<\/p>\n<blockquote class=\"instagram-media\" data-instgrm-captioned=\"\" data-instgrm-permalink=\"https:\/\/www.instagram.com\/reel\/DQMFd4WiAGP\/?utm_source=ig_embed&amp;utm_campaign=loading\" data-instgrm-version=\"14\" style=\" background:#FFF; border:0; border-radius:3px; box-shadow:0 0 1px 0 rgba(0,0,0,0.5),0 1px 10px 0 rgba(0,0,0,0.15); margin: 1px; max-width:540px; min-width:326px; padding:0; width:99.375%; width:-webkit-calc(100% - 2px); width:calc(100% - 2px);\">\n<\/blockquote>\n<p>Ao km 50,52, Ferreira dilatou a vantagem para Guerreiro, enquanto Monteiro caiu na classifica\u00e7\u00e3o, sendo substitu\u00eddo no top 3 por Daniel Silva, com Miguel Barbosa a subir ao quarto posto e Lu\u00eds Cidade a fechar os cinco primeiros.<\/p>\n<p>No final da SS1, o triunfo de Ferreira foi confirmado, sem margens para d\u00favida, com pouco mais de um minuto de vantagem para Guerreiro, com Daniel Silva a fica 1:18,2 do melhor registo. Assim, neste top 3 tivemos os tr\u00eas melhores nas suas respetivas categorias: Ferreira nos Ultimate, Guerreiro nos SSV e Silva nos Challenger. <\/p>\n<p>Em quarto lugar da geral, Lu\u00eds Cidade e Jo\u00e3o Ramos \/ Jorge Carvalho (Toyota Hilux EVO T1+) completou o top 5, com Miguel Barbosa a perder muito tempo. <\/p>\n<blockquote class=\"instagram-media\" data-instgrm-captioned=\"\" data-instgrm-permalink=\"https:\/\/www.instagram.com\/reel\/DQL_m_wjF6q\/?utm_source=ig_embed&amp;utm_campaign=loading\" data-instgrm-version=\"14\" style=\" background:#FFF; border:0; border-radius:3px; box-shadow:0 0 1px 0 rgba(0,0,0,0.5),0 1px 10px 0 rgba(0,0,0,0.15); margin: 1px; max-width:540px; min-width:326px; padding:0; width:99.375%; width:-webkit-calc(100% - 2px); width:calc(100% - 2px);\">\n<\/blockquote>\n<p>Nas contas dos Ultimate, Jo\u00e3o Ferreira lidera, j\u00e1 com 1:43,6 segundos de vantagem para Jo\u00e3o Ramos com Luis Recuenco \/ Daniel Oliveras (Toyota Hilux T1+), Francisco Barreto \/ Carlos Silva (Toyota Hilux EVO T1+) e Wlodzimierz Grajek \/ Michal Goleniewski (Toyota Hilux T1+) a completarem o top 5.<\/p>\n<p>Nos Challenger, Daniel Silva levou a melhor, ficando a frente de Romuald Lasne \/ Delphine Delfino (BRP Can-Am Maverick X3 T3.1) e Sergei Remennik \/ Aleksey Ignatov (Taurus EVO MAX T3.1). Edgar Reis \/ F\u00e1bio Ribeiro (Taurus T3 MAX T3.1) e Lu\u00eds Carneiro \/ Hugo Magalh\u00e3es (BRP Can-Am Maverick X3 T3.1) completaram o top 5.<\/p>\n<p>Nos SSV, Gon\u00e7alo Guerreiro  venceu, \u00e0 frente de Lu\u00eds Cidade e Tiago Guerreiro \/ Carlos Paulino (Polaris RZR Pro R T4). Lu\u00eds Portela Morais \/ Carlos Jorge Mendes (Polaris RZR Pro R T4) e Mitchel van den Brink \/ Bart van Heun (BRP Can-Am Maverick R) conclu\u00edram as contas do top 5, nesta classifica\u00e7\u00e3o provis\u00f3ria. <\/p>\n<blockquote class=\"instagram-media\" data-instgrm-captioned=\"\" data-instgrm-permalink=\"https:\/\/www.instagram.com\/reel\/DQMlE9xiqL0\/?utm_source=ig_embed&amp;utm_campaign=loading\" data-instgrm-version=\"14\" style=\" background:#FFF; border:0; border-radius:3px; box-shadow:0 0 1px 0 rgba(0,0,0,0.5),0 1px 10px 0 rgba(0,0,0,0.15); margin: 1px; max-width:540px; min-width:326px; padding:0; width:99.375%; width:-webkit-calc(100% - 2px); width:calc(100% - 2px);\">\n<\/blockquote>\n<p><a href=\"https:\/\/anubesport.com\/timing\/ss\/7377\/?rallyId=279\" rel=\"nofollow noopener\" target=\"_blank\">Resultados AQUI<\/a><\/p>\n<p><a href=\"https:\/\/anubesport.com\/tracking\/?rally=rally8128&amp;port=auto&amp;fbclid=PAZXh0bgNhZW0CMTEAAadVvAvFwHvTsz7rd_2oLZboh6klcDMnyH-nLa8vsaikDtXyfvOiwx8vheGzrA_aem_RAHftXMWeWZLqfrww876Pw\" rel=\"nofollow noopener\" target=\"_blank\">Live Tracking AQUI<\/a><\/p>\n<p>\t\t\t<script async src=\"\/\/www.instagram.com\/embed.js\"><\/script><\/p>\n","protected":false},"excerpt":{"rendered":"Jo\u00e3o Ferreira \/ Filipe Palmeiro (Toyota Hilux EVO T1+) foram os mais r\u00e1pidos na SS1 da Baja Portalegre&hellip;\n","protected":false},"author":2,"featured_media":125249,"comment_status":"","ping_status":"","sticky":false,"template":"","format":"standard","meta":{"footnotes":""},"categories":[87],"tags":[28786,23639,135,1162,15995,718,1163,32,33,134,28787,18889],"class_list":{"0":"post-125248","1":"post","2":"type-post","3":"status-publish","4":"format-standard","5":"has-post-thumbnail","7":"category-desporto","8":"tag-baja-portalegre-500","9":"tag-cptt","10":"tag-desporto","11":"tag-destaque-homepage","12":"tag-joao-ferreira","13":"tag-newsletter","14":"tag-newsletter-destaque","15":"tag-portugal","16":"tag-pt","17":"tag-sports","18":"tag-ss1","19":"tag-tt"},"share_on_mastodon":{"url":"https:\/\/pubeurope.com\/@pt\/115432092063262022","error":""},"_links":{"self":[{"href":"https:\/\/www.europesays.com\/pt\/wp-json\/wp\/v2\/posts\/125248","targetHints":{"allow":["GET"]}}],"collection":[{"href":"https:\/\/www.europesays.com\/pt\/wp-json\/wp\/v2\/posts"}],"about":[{"href":"https:\/\/www.europesays.com\/pt\/wp-json\/wp\/v2\/types\/post"}],"author":[{"embeddable":true,"href":"https:\/\/www.europesays.com\/pt\/wp-json\/wp\/v2\/users\/2"}],"replies":[{"embeddable":true,"href":"https:\/\/www.europesays.com\/pt\/wp-json\/wp\/v2\/comments?post=125248"}],"version-history":[{"count":0,"href":"https:\/\/www.europesays.com\/pt\/wp-json\/wp\/v2\/posts\/125248\/revisions"}],"wp:featuredmedia":[{"embeddable":true,"href":"https:\/\/www.europesays.com\/pt\/wp-json\/wp\/v2\/media\/125249"}],"wp:attachment":[{"href":"https:\/\/www.europesays.com\/pt\/wp-json\/wp\/v2\/media?parent=125248"}],"wp:term":[{"taxonomy":"category","embeddable":true,"href":"https:\/\/www.europesays.com\/pt\/wp-json\/wp\/v2\/categories?post=125248"},{"taxonomy":"post_tag","embeddable":true,"href":"https:\/\/www.europesays.com\/pt\/wp-json\/wp\/v2\/tags?post=125248"}],"curies":[{"name":"wp","href":"https:\/\/api.w.org\/{rel}","templated":true}]}}