{"id":125252,"date":"2025-10-25T01:04:39","date_gmt":"2025-10-25T01:04:39","guid":{"rendered":"https:\/\/www.europesays.com\/pt\/125252\/"},"modified":"2025-10-25T01:04:39","modified_gmt":"2025-10-25T01:04:39","slug":"foi-escolhida-outra-pessoa-ministra-lembra-que-sergio-janeiro-liderou-inem-em-regime-de-substituicao","status":"publish","type":"post","link":"https:\/\/www.europesays.com\/pt\/125252\/","title":{"rendered":"&#8220;Foi escolhida outra pessoa&#8221;. Ministra lembra que S\u00e9rgio Janeiro liderou INEM em regime de substitui\u00e7\u00e3o"},"content":{"rendered":"<p>&#13;<br \/>\n<b>&#8220;Como sabem, S\u00e9rgio Janeiro estava em regime de substitui\u00e7\u00e3o. Entretanto, houve um concurso e tivemos candidatos e foi escolhida para presidente do INEM uma outra pessoa. Portanto, n\u00e3o houve qualquer demiss\u00e3o atual presidente do INEM&#8221;<\/b>, afirmou Ana Paula Martins.&#8221;Na verdade foi s\u00f3 a conclus\u00e3o do concurso&#8221;.&#13;<br \/>\n&#13;\n<\/p>\n<p>A ministra n\u00e3o fala em demiss\u00e3o, nem confirma o nome escolhido para a substitui\u00e7\u00e3o, referindo novamente que <b>o cargo esteve a concurso e que, devido at\u00e9 ao facto de ter havido elei\u00e7\u00f5es, se demorou mais do que o esperado<\/b>.<br \/>\n          <img decoding=\"async\" itemprop=\"image\" class=\"img-fluid\"   src=\"https:\/\/www.europesays.com\/pt\/wp-content\/uploads\/2025\/10\/b0c0f450d401b9ee23dc74d14dcf95a5_N.jpg\"\/><\/p>\n<p>&#8220;Abrimos um concurso, houve concorrentes, fizeram-se todos os procedimentos e houve uma escolha. \u00c9 s\u00f3 isso. N\u00e3o houve uma demiss\u00e3o&#8221;.<\/p>\n<p>Sobre o nome avan\u00e7ado para o cargo, a governante n\u00e3o confirmou Lu\u00eds Cabral: &#8220;N\u00e3o vou confirmar. Iremos anunciar no momento em que acharmos que \u00e9 oportuno anunciar&#8221;.<\/p>\n<p>&#13;<br \/>\n<b>Durante a manh\u00e3 desta sexta-feira,\u00a0foi avan\u00e7ada a not\u00edcia de que o INEM se passaria a chamar Autoridade Nacional de Emerg\u00eancia M\u00e9dica e que essa designa\u00e7\u00e3o poderia ser nas pr\u00f3ximas horas aprovada em Conselho de Ministros. Fonte do Minist\u00e9rio da Sa\u00fade n\u00e3o confirma, entretanto, esta informa\u00e7\u00e3o.<\/b>&#13;<\/p>\n","protected":false},"excerpt":{"rendered":"&#13; &#8220;Como sabem, S\u00e9rgio Janeiro estava em regime de substitui\u00e7\u00e3o. Entretanto, houve um concurso e tivemos candidatos e&hellip;\n","protected":false},"author":2,"featured_media":125253,"comment_status":"","ping_status":"","sticky":false,"template":"","format":"standard","meta":{"footnotes":""},"categories":[8],"tags":[22114,27,28,28789,15,16,14,7923,25,26,28790,21,22,5609,12,13,19,20,32,3281,23,24,33,117,28788,17,18,29,30,31],"class_list":{"0":"post-125252","1":"post","2":"type-post","3":"status-publish","4":"format-standard","5":"has-post-thumbnail","7":"category-principais-noticias","8":"tag-ana-paula-martins","9":"tag-breaking-news","10":"tag-breakingnews","11":"tag-exoneracao","12":"tag-featured-news","13":"tag-featurednews","14":"tag-headlines","15":"tag-inem","16":"tag-latest-news","17":"tag-latestnews","18":"tag-luis-cabral","19":"tag-main-news","20":"tag-mainnews","21":"tag-ministra","22":"tag-news","23":"tag-noticias","24":"tag-noticias-principais","25":"tag-noticiasprincipais","26":"tag-portugal","27":"tag-presidente","28":"tag-principais-noticias","29":"tag-principaisnoticias","30":"tag-pt","31":"tag-saude","32":"tag-sergio-janeiro","33":"tag-top-stories","34":"tag-topstories","35":"tag-ultimas","36":"tag-ultimas-noticias","37":"tag-ultimasnoticias"},"share_on_mastodon":{"url":"","error":"Validation failed: Text character limit of 500 exceeded"},"_links":{"self":[{"href":"https:\/\/www.europesays.com\/pt\/wp-json\/wp\/v2\/posts\/125252","targetHints":{"allow":["GET"]}}],"collection":[{"href":"https:\/\/www.europesays.com\/pt\/wp-json\/wp\/v2\/posts"}],"about":[{"href":"https:\/\/www.europesays.com\/pt\/wp-json\/wp\/v2\/types\/post"}],"author":[{"embeddable":true,"href":"https:\/\/www.europesays.com\/pt\/wp-json\/wp\/v2\/users\/2"}],"replies":[{"embeddable":true,"href":"https:\/\/www.europesays.com\/pt\/wp-json\/wp\/v2\/comments?post=125252"}],"version-history":[{"count":0,"href":"https:\/\/www.europesays.com\/pt\/wp-json\/wp\/v2\/posts\/125252\/revisions"}],"wp:featuredmedia":[{"embeddable":true,"href":"https:\/\/www.europesays.com\/pt\/wp-json\/wp\/v2\/media\/125253"}],"wp:attachment":[{"href":"https:\/\/www.europesays.com\/pt\/wp-json\/wp\/v2\/media?parent=125252"}],"wp:term":[{"taxonomy":"category","embeddable":true,"href":"https:\/\/www.europesays.com\/pt\/wp-json\/wp\/v2\/categories?post=125252"},{"taxonomy":"post_tag","embeddable":true,"href":"https:\/\/www.europesays.com\/pt\/wp-json\/wp\/v2\/tags?post=125252"}],"curies":[{"name":"wp","href":"https:\/\/api.w.org\/{rel}","templated":true}]}}