{"id":125266,"date":"2025-10-25T01:26:10","date_gmt":"2025-10-25T01:26:10","guid":{"rendered":"https:\/\/www.europesays.com\/pt\/125266\/"},"modified":"2025-10-25T01:26:10","modified_gmt":"2025-10-25T01:26:10","slug":"a-revelacao-que-deixou-todos-em-choque-sandro-quer-juntar-novamente-liliana-e-ze-secret-story","status":"publish","type":"post","link":"https:\/\/www.europesays.com\/pt\/125266\/","title":{"rendered":"A revela\u00e7\u00e3o que deixou todos em choque: Sandro quer juntar novamente Liliana e Z\u00e9 &#8211; Secret Story"},"content":{"rendered":"<p>O <strong>\u00daltima Hora<\/strong> desta quinta-feira ficou marcado por uma revela\u00e7\u00e3o bomb\u00e1stica feita por <strong>L\u00eddia<\/strong>, ex-concorrente desta edi\u00e7\u00e3o do <a href=\"https:\/\/tvi.iol.pt\/secretstory\/\" target=\"_blank\" rel=\"nofollow noopener\"><strong>Secret Story<\/strong><\/a>, que deixou o est\u00fadio em completo espanto. Em conversa com Nuno Eir\u00f3, a concorrente revelou que Sandro tem inten\u00e7\u00f5es de voltar a juntar Liliana e Z\u00e9, algo que ningu\u00e9m esperava voltar a ouvir.<\/p>\n<p>A revela\u00e7\u00e3o apanhou todos de surpresa, incluindo os comentadores em est\u00fadio, Francisco Monteiro e Isabel Figueira, que n\u00e3o esconderam o choque perante a possibilidade de uma reaproxima\u00e7\u00e3o entre os dois ex-companheiros. Recorde-se que Liliana e Z\u00e9 protagonizaram uma das rela\u00e7\u00f5es mais pol\u00e9micas desta edi\u00e7\u00e3o, mesmo Z\u00e9 sem nunca ter entrado.<\/p>\n<p>Segundo L\u00eddia, tudo o que se passa na casa \u00e9 jogo. Uma coisa \u00e9 certa: a confiss\u00e3o de L\u00eddia promete agitar as pr\u00f3ximas galas e trazer ainda mais emo\u00e7\u00e3o \u00e0 casa mais vigiada do pa\u00eds.<\/p>\n<p>Veja o momento aqui: <\/p>\n","protected":false},"excerpt":{"rendered":"O \u00daltima Hora desta quinta-feira ficou marcado por uma revela\u00e7\u00e3o bomb\u00e1stica feita por L\u00eddia, ex-concorrente desta edi\u00e7\u00e3o do&hellip;\n","protected":false},"author":2,"featured_media":125267,"comment_status":"","ping_status":"","sticky":false,"template":"","format":"standard","meta":{"footnotes":""},"categories":[142],"tags":[18706,114,115,18705,19082,19016,32,33,19064,151,18704,975],"class_list":{"0":"post-125266","1":"post","2":"type-post","3":"status-publish","4":"format-standard","5":"has-post-thumbnail","7":"category-tv","8":"tag-bastidores-secret-story","9":"tag-entertainment","10":"tag-entretenimento","11":"tag-entrevistas-concorrentes-tvi","12":"tag-fabio","13":"tag-liliana","14":"tag-portugal","15":"tag-pt","16":"tag-sandro","17":"tag-tv","18":"tag-vida-fora-da-casa","19":"tag-ze"},"share_on_mastodon":{"url":"https:\/\/pubeurope.com\/@pt\/115432206055366724","error":""},"_links":{"self":[{"href":"https:\/\/www.europesays.com\/pt\/wp-json\/wp\/v2\/posts\/125266","targetHints":{"allow":["GET"]}}],"collection":[{"href":"https:\/\/www.europesays.com\/pt\/wp-json\/wp\/v2\/posts"}],"about":[{"href":"https:\/\/www.europesays.com\/pt\/wp-json\/wp\/v2\/types\/post"}],"author":[{"embeddable":true,"href":"https:\/\/www.europesays.com\/pt\/wp-json\/wp\/v2\/users\/2"}],"replies":[{"embeddable":true,"href":"https:\/\/www.europesays.com\/pt\/wp-json\/wp\/v2\/comments?post=125266"}],"version-history":[{"count":0,"href":"https:\/\/www.europesays.com\/pt\/wp-json\/wp\/v2\/posts\/125266\/revisions"}],"wp:featuredmedia":[{"embeddable":true,"href":"https:\/\/www.europesays.com\/pt\/wp-json\/wp\/v2\/media\/125267"}],"wp:attachment":[{"href":"https:\/\/www.europesays.com\/pt\/wp-json\/wp\/v2\/media?parent=125266"}],"wp:term":[{"taxonomy":"category","embeddable":true,"href":"https:\/\/www.europesays.com\/pt\/wp-json\/wp\/v2\/categories?post=125266"},{"taxonomy":"post_tag","embeddable":true,"href":"https:\/\/www.europesays.com\/pt\/wp-json\/wp\/v2\/tags?post=125266"}],"curies":[{"name":"wp","href":"https:\/\/api.w.org\/{rel}","templated":true}]}}