{"id":125268,"date":"2025-10-25T01:28:24","date_gmt":"2025-10-25T01:28:24","guid":{"rendered":"https:\/\/www.europesays.com\/pt\/125268\/"},"modified":"2025-10-25T01:28:24","modified_gmt":"2025-10-25T01:28:24","slug":"os-mitchell-estao-de-volta-tudo-o-que-sabemos-sobre-a-familia-mitchell-e-a-revolta-das-maquinas-2","status":"publish","type":"post","link":"https:\/\/www.europesays.com\/pt\/125268\/","title":{"rendered":"Os Mitchell est\u00e3o de volta! Tudo o que sabemos sobre &#8216;A Fam\u00edlia Mitchell e a Revolta das M\u00e1quinas 2&#8217;"},"content":{"rendered":"<p>Para a alegria dos f\u00e3s de anima\u00e7\u00e3o e de road trips familiares inusitadas, a <a href=\"https:\/\/www.netflix.com\/br\/\" target=\"_blank\" rel=\"noopener nofollow\">Netflix<\/a> e a Sony Pictures Animation confirmaram oficialmente a produ\u00e7\u00e3o de uma sequ\u00eancia para o aclamado filme \u201cA Fam\u00edlia Mitchell e a Revolta das M\u00e1quinas\u201d (t\u00edtulo original: The Mitchells vs. the Machines). O an\u00fancio encerra a expectativa sobre o retorno da fam\u00edlia Mitchell, que conquistou cora\u00e7\u00f5es ao redor do mundo ao salvar a humanidade de um apocalipse rob\u00f3tico em 2021.<\/p>\n<p>O primeiro filme, que inicialmente seria lan\u00e7ado nos cinemas pela <a href=\"https:\/\/en.wikipedia.org\/wiki\/Sony_Pictures_Animation\" target=\"_blank\" rel=\"noopener nofollow\">Sony<\/a>, acabou sendo adquirido pela Netflix durante a pandemia por mais de US$ 100 milh\u00f5es, tornando-se um sucesso estrondoso na plataforma, conquistando uma indica\u00e7\u00e3o ao Oscar de Melhor Anima\u00e7\u00e3o em 2022 e levando para casa 8 pr\u00eamios Annie.<\/p>\n<p> Novos talentos assumem a dire\u00e7\u00e3o e roteiro <\/p>\n<p>A continua\u00e7\u00e3o trar\u00e1 algumas mudan\u00e7as importantes nos bastidores, mas manter\u00e1 a ess\u00eancia criativa que garantiu o sucesso do longa original. A dire\u00e7\u00e3o ficar\u00e1 a cargo de <b>Guillermo Martinez<\/b>, que atuou como chefe de hist\u00f3ria no primeiro filme, e <b>JP Sans<\/b>, conhecido por seu trabalho como co-diretor em \u201cOs Caras Malvados 2\u201d. Para <strong>Martinez<\/strong>, o projeto marcar\u00e1 sua estreia na dire\u00e7\u00e3o.<\/p>\n<p>O roteiro da sequ\u00eancia ser\u00e1 assinado pelas aclamadas irm\u00e3s <b>Wendy Molyneux<\/b> e <b>Lizzie Molyneux-Logelin<\/b>, a dupla premiada com o Emmy e conhecida por seu trabalho nas s\u00e9ries \u201cThe Great North\u201d e \u201cBob\u2019s Burgers\u201d.<\/p>\n<p>\t Phil Lord e Christopher Miller de volta \u00e0 produ\u00e7\u00e3o <\/p>\n<p>Uma das not\u00edcias mais animadoras \u00e9 o retorno de <b>Phil Lord<\/b> e <b>Christopher Miller<\/b> como produtores. A dupla, respons\u00e1vel por sucessos como \u201cHomem-Aranha no Aranhaverso\u201d e \u201cUma Aventura LEGO\u201d, \u00e9 uma garantia do tom irreverente, da inven\u00e7\u00e3o visual e do cora\u00e7\u00e3o emocional que definiram o filme original. <strong>Lord<\/strong> e <strong>Miller<\/strong> tamb\u00e9m s\u00e3o conhecidos por terem produzido o longa de 2021. O diretor e co-roteirista do primeiro filme, <b>Mike Rianda<\/b>, retornar\u00e1 como produtor executivo, ao lado de <strong>Aditya Sood<\/strong>.<\/p>\n<p>A produ\u00e7\u00e3o de \u201cA Fam\u00edlia Mitchell e a Revolta das M\u00e1quinas 2\u201d est\u00e1 prevista para come\u00e7ar no in\u00edcio de 2026, com a distribui\u00e7\u00e3o global a cargo da Netflix, solidificando a parceria entre a plataforma de streaming e a Sony Pictures Animation.<\/p>\n<p> O retorno da fam\u00edlia mais ca\u00f3tica da Netflix <\/p>\n<p>At\u00e9 o momento, os detalhes da trama e a data de estreia seguem em segredo. No entanto, ve\u00edculos de imprensa internacional sugerem um t\u00edtulo de trabalho provis\u00f3rio: \u201cThe Mitchells vs. the Mitchells\u201d (Os Mitchell contra os Mitchell), indicando que o novo desafio da fam\u00edlia pode ser ainda mais complicado: eles mesmos. Se a fam\u00edlia Mitchell teve que aprender a se reconectar para salvar o mundo dos rob\u00f4s, resta saber qual novo e bizarro apocalipse tecnol\u00f3gico os aguarda, ou se eles v\u00e3o, literalmente, se enfrentar.<\/p>\n<p>O elenco de vozes original, que conta com nomes de peso como <b>Abbi Jacobson<\/b> (Katie), <b>Danny McBride<\/b> (Rick), <b>Maya Rudolph<\/b> (Linda), <b>Eric Andr\u00e9<\/b> e a vencedora do Oscar, <a href=\"https:\/\/www.instagram.com\/theoliviacolman_\/\" target=\"_blank\" rel=\"noopener nofollow\"><b>Olivia Colman<\/b><\/a> (PAL), ainda n\u00e3o teve seu retorno confirmado, mas a expectativa \u00e9 alta para que os f\u00e3s possam ouvir novamente as vozes de seus personagens favoritos, incluindo o amado c\u00e3o Monchi (dublado pela estrela da internet, <strong>Doug the Pug<\/strong>).<\/p>\n<p>A not\u00edcia da sequ\u00eancia \u00e9 um lembrete do poder da <a href=\"https:\/\/recreio.com.br\/tags\/animacao\" target=\"_blank\" rel=\"noopener nofollow\">anima\u00e7\u00e3o<\/a> da Sony, que tem se destacado por sua est\u00e9tica \u00fanica e narrativa humana, mesmo em meio a m\u00e1quinas e desastres globais. Prepare-se para mais uma viagem ca\u00f3tica, emocionante e cheia de tecnologia!<\/p>\n<p>\t                                            <script async src=\"\/\/www.instagram.com\/embed.js\"><\/script><\/p>\n","protected":false},"excerpt":{"rendered":"Para a alegria dos f\u00e3s de anima\u00e7\u00e3o e de road trips familiares inusitadas, a Netflix e a Sony&hellip;\n","protected":false},"author":2,"featured_media":125269,"comment_status":"","ping_status":"","sticky":false,"template":"","format":"standard","meta":{"footnotes":""},"categories":[140],"tags":[28793,1415,114,115,147,148,146,716,32,33],"class_list":{"0":"post-125268","1":"post","2":"type-post","3":"status-publish","4":"format-standard","5":"has-post-thumbnail","7":"category-filmes","8":"tag-a-familia-mitchell-e-a-revolta-das-maquinas","9":"tag-animacao","10":"tag-entertainment","11":"tag-entretenimento","12":"tag-film","13":"tag-filmes","14":"tag-movies","15":"tag-netflix","16":"tag-portugal","17":"tag-pt"},"share_on_mastodon":{"url":"https:\/\/pubeurope.com\/@pt\/115432214002726190","error":""},"_links":{"self":[{"href":"https:\/\/www.europesays.com\/pt\/wp-json\/wp\/v2\/posts\/125268","targetHints":{"allow":["GET"]}}],"collection":[{"href":"https:\/\/www.europesays.com\/pt\/wp-json\/wp\/v2\/posts"}],"about":[{"href":"https:\/\/www.europesays.com\/pt\/wp-json\/wp\/v2\/types\/post"}],"author":[{"embeddable":true,"href":"https:\/\/www.europesays.com\/pt\/wp-json\/wp\/v2\/users\/2"}],"replies":[{"embeddable":true,"href":"https:\/\/www.europesays.com\/pt\/wp-json\/wp\/v2\/comments?post=125268"}],"version-history":[{"count":0,"href":"https:\/\/www.europesays.com\/pt\/wp-json\/wp\/v2\/posts\/125268\/revisions"}],"wp:featuredmedia":[{"embeddable":true,"href":"https:\/\/www.europesays.com\/pt\/wp-json\/wp\/v2\/media\/125269"}],"wp:attachment":[{"href":"https:\/\/www.europesays.com\/pt\/wp-json\/wp\/v2\/media?parent=125268"}],"wp:term":[{"taxonomy":"category","embeddable":true,"href":"https:\/\/www.europesays.com\/pt\/wp-json\/wp\/v2\/categories?post=125268"},{"taxonomy":"post_tag","embeddable":true,"href":"https:\/\/www.europesays.com\/pt\/wp-json\/wp\/v2\/tags?post=125268"}],"curies":[{"name":"wp","href":"https:\/\/api.w.org\/{rel}","templated":true}]}}