{"id":125270,"date":"2025-10-25T01:29:14","date_gmt":"2025-10-25T01:29:14","guid":{"rendered":"https:\/\/www.europesays.com\/pt\/125270\/"},"modified":"2025-10-25T01:29:14","modified_gmt":"2025-10-25T01:29:14","slug":"manchester-united-identifica-sucessor-de-bruno-fernandes-e-custa-70-milhoes-de-euros","status":"publish","type":"post","link":"https:\/\/www.europesays.com\/pt\/125270\/","title":{"rendered":"Manchester United identifica sucessor de Bruno Fernandes e custa 70 milh\u00f5es de euros"},"content":{"rendered":"<p>&#8211; Advertisement &#8211;<\/p>\n<p><strong>Oihan Sancet \u00e9 visto como o nome ideal para refor\u00e7ar o Manchester United e ser o sucessor de Bruno Fernandes nos ingleses.<\/strong><\/p>\n<p>O Manchester United est\u00e1 em busca de um jogador que possa suceder a <a href=\"https:\/\/bolanarede.pt\/etiqueta\/bruno-fernandes\/\" target=\"_blank\" rel=\"noreferrer noopener nofollow\">Bruno Fernandes<\/a> e Oihan Sancet \u00e9 visto como o nome ideal para ocupar o lugar do internacional portugu\u00eas. A informa\u00e7\u00e3o est\u00e1 a ser avan\u00e7ada pelo Fichajes.<\/p>\n<p>O espanhol pertence ao Athletic e ser\u00e1 necess\u00e1ria uma oferta a rondar os 70 milh\u00f5es de euros para garantir a aquisi\u00e7\u00e3o do jogador \u00e0 forma\u00e7\u00e3o de Bilbao. Oihan Sancet tem 25 anos e conta com um contrato bem longo com a equipa do San Mam\u00e9s, v\u00e1lido at\u00e9 ao ver\u00e3o de 2032.<\/p>\n<p>O jogador leva esta temporada um total de nove encontros, com uma assist\u00eancia.<\/p>\n<blockquote class=\"twitter-tweet\" data-width=\"550\" data-dnt=\"true\">\n<p lang=\"en\" dir=\"ltr\">\ud83d\udea8 A \u00a360M offer for Athletic Club midfielder Oihan Sancet is in the pipeline at Manchester United as Ruben Amorim prepares for life without Bruno Fernandes.<\/p>\n<p>United are looking for creative talent to bolster their midfield, and the Spaniard fits the profile desired by Old\u2026 <a href=\"https:\/\/t.co\/VNYK9cZH6y\" rel=\"nofollow\">pic.twitter.com\/VNYK9cZH6y<\/a><\/p>\n<p>\u2014 Transfer News Live (@DeadlineDayLive) <a href=\"https:\/\/twitter.com\/DeadlineDayLive\/status\/1981689629800583514?ref_src=twsrc%5Etfw\" rel=\"nofollow noopener\" target=\"_blank\">October 24, 2025<\/a><\/p><\/blockquote>\n<p><script async src=\"https:\/\/platform.twitter.com\/widgets.js\" charset=\"utf-8\"><\/script><\/p>\n","protected":false},"excerpt":{"rendered":"&#8211; Advertisement &#8211; Oihan Sancet \u00e9 visto como o nome ideal para refor\u00e7ar o Manchester United e ser&hellip;\n","protected":false},"author":2,"featured_media":125271,"comment_status":"","ping_status":"","sticky":false,"template":"","format":"standard","meta":{"footnotes":""},"categories":[87],"tags":[7758,260,5532,135,478,663,28794,32,666,33,134],"class_list":{"0":"post-125270","1":"post","2":"type-post","3":"status-publish","4":"format-standard","5":"has-post-thumbnail","7":"category-desporto","8":"tag-athletic","9":"tag-atualidade","10":"tag-bruno-fernandes","11":"tag-desporto","12":"tag-destaques-bnr","13":"tag-manchester-united","14":"tag-oihan-sancet","15":"tag-portugal","16":"tag-premier-league","17":"tag-pt","18":"tag-sports"},"share_on_mastodon":{"url":"https:\/\/pubeurope.com\/@pt\/115432217961214463","error":""},"_links":{"self":[{"href":"https:\/\/www.europesays.com\/pt\/wp-json\/wp\/v2\/posts\/125270","targetHints":{"allow":["GET"]}}],"collection":[{"href":"https:\/\/www.europesays.com\/pt\/wp-json\/wp\/v2\/posts"}],"about":[{"href":"https:\/\/www.europesays.com\/pt\/wp-json\/wp\/v2\/types\/post"}],"author":[{"embeddable":true,"href":"https:\/\/www.europesays.com\/pt\/wp-json\/wp\/v2\/users\/2"}],"replies":[{"embeddable":true,"href":"https:\/\/www.europesays.com\/pt\/wp-json\/wp\/v2\/comments?post=125270"}],"version-history":[{"count":0,"href":"https:\/\/www.europesays.com\/pt\/wp-json\/wp\/v2\/posts\/125270\/revisions"}],"wp:featuredmedia":[{"embeddable":true,"href":"https:\/\/www.europesays.com\/pt\/wp-json\/wp\/v2\/media\/125271"}],"wp:attachment":[{"href":"https:\/\/www.europesays.com\/pt\/wp-json\/wp\/v2\/media?parent=125270"}],"wp:term":[{"taxonomy":"category","embeddable":true,"href":"https:\/\/www.europesays.com\/pt\/wp-json\/wp\/v2\/categories?post=125270"},{"taxonomy":"post_tag","embeddable":true,"href":"https:\/\/www.europesays.com\/pt\/wp-json\/wp\/v2\/tags?post=125270"}],"curies":[{"name":"wp","href":"https:\/\/api.w.org\/{rel}","templated":true}]}}