{"id":125272,"date":"2025-10-25T01:30:28","date_gmt":"2025-10-25T01:30:28","guid":{"rendered":"https:\/\/www.europesays.com\/pt\/125272\/"},"modified":"2025-10-25T01:30:28","modified_gmt":"2025-10-25T01:30:28","slug":"campanha-outubro-rosa-reforca-cuidado-e-prevencao-contra-o-cancer-de-mama-e-do-colo-do-utero-durante-o-ano-inteiro","status":"publish","type":"post","link":"https:\/\/www.europesays.com\/pt\/125272\/","title":{"rendered":"Campanha Outubro Rosa refor\u00e7a cuidado e preven\u00e7\u00e3o contra o c\u00e2ncer de mama e do colo do \u00fatero durante o ano inteiro"},"content":{"rendered":"<p><strong>A detec\u00e7\u00e3o precoce salva vidas; o diagn\u00f3stico e tratamento est\u00e3o dispon\u00edveis no SUS para todas as mulheres<\/strong><\/p>\n<p><a href=\"http:\/\/bit.ly\/jnewsio\" aria-label=\"Visit advertisement link\" target=\"_blank\" rel=\"nofollow noopener\" class=\"adlink ads_image align-right\"><br \/>\n                                    <img decoding=\"async\" class=\"lazyload\" src=\"http:\/\/portalamm.com\/wp-content\/uploads\/2022\/10\/ad_300x250.jpg\" alt=\"\" data-pin-no-hover=\"true\"\/><br \/>\n                                <\/a><\/p>\n<p>\u201c<strong>Se cuidar \u00e9 pra vida toda<\/strong>\u201d \u00e9 o tema da nova <strong>campanha Outubro Rosa<\/strong>, s\u00edmbolo da luta contra o c\u00e2ncer de mama e do colo do \u00fatero. O Minist\u00e9rio da Sa\u00fade lan\u00e7ou, no dia 21 de outubro, a iniciativa e convoca as mulheres de todo o Pa\u00eds a adotarem o cuidado com a sa\u00fade como um compromisso permanente, e n\u00e3o apenas durante o m\u00eas de outubro.<\/p>\n<p>A mobiliza\u00e7\u00e3o refor\u00e7a que a detec\u00e7\u00e3o precoce salva vidas e que o cuidado cont\u00ednuo \u00e9 a melhor forma de preven\u00e7\u00e3o. O tratamento para os principais tipos de c\u00e2nceres que atingem as mulheres est\u00e1 dispon\u00edvel no <strong>Sistema \u00danico de Sa\u00fade (SUS)<\/strong>.<\/p>\n<p>No Brasil, o c\u00e2ncer de mama \u00e9 a principal causa de morte entre mulheres, enquanto o c\u00e2ncer do colo do \u00fatero ocupa a quarta posi\u00e7\u00e3o, de acordo com dados do <strong>Instituto Nacional do C\u00e2ncer (INCA)<\/strong>.<\/p>\n<p><strong>Preven\u00e7\u00e3o<\/strong><\/p>\n<p>Manter uma rotina saud\u00e1vel, evitar o consumo excessivo de \u00e1lcool, controlar o peso e praticar de atividades f\u00edsicas, ajuda a diminuir as chances de a mulher de ter c\u00e2ncer de mama ao longo da vida.<\/p>\n<p>J\u00e1 a preven\u00e7\u00e3o prim\u00e1ria do c\u00e2ncer do colo do \u00fatero est\u00e1 relacionada \u00e0 diminui\u00e7\u00e3o do risco de cont\u00e1gio pelo <strong>Papilomav\u00edrus Humano (HPV)<\/strong>. A transmiss\u00e3o ocorre por via sexual, presumidamente por meio de abras\u00f5es (desgaste por atrito ou fric\u00e7\u00e3o) microsc\u00f3picas na mucosa ou na pele da regi\u00e3o anogenital. O uso de preservativos durante a rela\u00e7\u00e3o sexual com penetra\u00e7\u00e3o protege parcialmente do cont\u00e1gio pelo HPV, que tamb\u00e9m pode ocorrer pelo contato com a pele da vulva, regi\u00e3o perineal, perianal e bolsa escrotal.<\/p>\n<p>A <strong>vacina\u00e7\u00e3o contra o HPV<\/strong> \u00e9 a medida mais eficaz de se prevenir contra a infec\u00e7\u00e3o. A vacina \u00e9 distribu\u00edda gratuitamente pelo SUS.\u00a0 Neste ano, o Minist\u00e9rio da Sa\u00fade iniciou a implementa\u00e7\u00e3o do teste de biologia molecular DNA-HPV, o m\u00e9todo moderno e inovador que faz parte do novo rastreamento organizado do c\u00e2ncer de colo do \u00fatero na rede p\u00fablica.<\/p>\n<p><strong>Exames e tratamento<\/strong><\/p>\n<p>A mamografia \u00e9 considerada o exame padr\u00e3o para o rastreamento do c\u00e2ncer de mama. <strong>Em 2024, foram 4,4 milh\u00f5es de mamografias no SUS<\/strong>. Recentemente, a faixa de et\u00e1ria do rastreamento ativo foi ampliada, <strong>passando de 69 para 74 anos<\/strong>. Al\u00e9m da mamografia, podem ser recomendados exames complementares como a ultrassonografia e a resson\u00e2ncia magn\u00e9tica.\u00a0<\/p>\n<p>O SUS tamb\u00e9m oferece diagn\u00f3stico e tratamento, que incluem <strong>cirurgias, quimioterapia a radioterapias<\/strong>, dispon\u00edveis em todos os estados brasileiros. At\u00e9 o fim de 2026, ser\u00e3o incorporados na rede p\u00fablica 121 novos equipamentos e 60 kits para bi\u00f3psia de mama.<\/p>\n<p>Em 2023, a pasta criou uma estrat\u00e9gia especial para garantir o acesso \u00e0 reconstru\u00e7\u00e3o mam\u00e1ria de mulheres com c\u00e2ncer de mama atendidas pelo SUS. A medida foi adotada para reduzir filas e garantir que mais pacientes que passaram por <strong>mastectomia total<\/strong> pudessem realizar o procedimento. Para isso, o valor destinado a cada cirurgia foi reajustado, contribuindo para o aumento expressivo dos atendimentos. Entre julho de 2023 e a junho de 2025, foram realizados 9.337 procedimentos de reconstru\u00e7\u00e3o mam\u00e1ria pelo SUS, e a iniciativa segue em andamento.<\/p>\n<p>Para ampliar as chances de diagn\u00f3stico precoce, o <strong>Minist\u00e9rio da Sa\u00fade passou a oferecer mamografia a mulheres a partir de 40 anos, mesmo sem sintomas<\/strong> ou hist\u00f3rico familiar da doen\u00e7a. A mudan\u00e7a da faixa et\u00e1ria fortalece o rastreamento e o acesso \u00e0 assist\u00eancia.<\/p>\n<p>Outra novidade \u00e9 a chegada do <strong>Trastuzumabe Entansina<\/strong>, medicamento in\u00e9dito incorporado ao SUS para o tratamento do c\u00e2ncer de mama do tipo HER2-positivo, uma forma agressiva da doen\u00e7a que estimula o crescimento das c\u00e9lulas tumorais. O rem\u00e9dio ser\u00e1 destinado a pacientes que ainda apresentem sinais da doen\u00e7a ap\u00f3s a quimioterapia inicial e atender\u00e1 100% da demanda pelo medicamento na rede p\u00fablica.<\/p>\n<p><strong>Carretas de sa\u00fade da mulher<\/strong><\/p>\n<p>Para refor\u00e7ar a import\u00e2ncia do Outubro Rosa, as carretas do <strong>programa Agora Tem Especialistas <\/strong>iniciaram o atendimento em 20 estados brasileiros. Ao todo, ser\u00e3o 28 unidades m\u00f3veis que ir\u00e3o oferecer exames de imagem, pun\u00e7\u00e3o e bi\u00f3psia da mama, colposcopia e consultas m\u00e9dicas.<\/p>\n<p>Os atendimentos come\u00e7aram no dia 10 de outubro nos estados do Acre, Amazonas, Amap\u00e1, Bahia, Goi\u00e1s, Maranh\u00e3o, Minas Gerais, Mato Grosso do Sul, Pernambuco, Rio de Janeiro, S\u00e3o Paulo, Sergipe e Tocantins. A expectativa \u00e9 de que sejam realizados 130 mil procedimentos ao longo do m\u00eas.<\/p>\n<p><strong>Sintomas<\/strong><\/p>\n<p>Os sinais do c\u00e2ncer de mama e de colo do \u00fatero podem se apresentar de diversas formas:<\/p>\n<p><strong>C\u00e2ncer de mama<\/strong><\/p>\n<p>\u2013 Pele da mama avermelhada, retra\u00edda ou parecida com casca de laranja;<br \/>\u2013 Aumento progressivo do tamanho da mama;<br \/>\u2013 Altera\u00e7\u00f5es no mamilo;<br \/>\u2013 Pequenos n\u00f3dulos nas axilas ou no pesco\u00e7o;<br \/>\u2013 Sa\u00edda espont\u00e2nea de l\u00edquido anormal pelos mamilos.<\/p>\n<p><strong>C\u00e2ncer do colo de \u00fatero<\/strong><\/p>\n<p>\u2013 Pode n\u00e3o apresentar sintomas em fase inicial;<br \/>\u2013 Nos casos mais avan\u00e7ados, pode evoluir para sangramento vaginal intermitente ou ap\u00f3s rela\u00e7\u00e3o sexual;<br \/>\u2013 Secre\u00e7\u00e3o vaginal anormal;<br \/>\u2013 Dor durante a rela\u00e7\u00e3o;<br \/>\u2013 Do abdominal;<br \/>\u2013 Queixas urin\u00e1rias ou intestinais.<\/p>\n<p>A recomenda\u00e7\u00e3o \u00e9 que caso apresente estes sintomas, a mulher deve procurar atendimento m\u00e9dico.<\/p>\n<p>Conhe\u00e7a a campanha: <a href=\"https:\/\/www.gov.br\/saude\/pt-br\/campanhas-da-saude\/2025\/outubro-rosa\" rel=\"nofollow noopener\" target=\"_blank\">https:\/\/www.gov.br\/saude\/pt-br\/campanhas-da-saude\/2025\/outubro-rosa<\/a><\/p>\n<p>Fonte: Minist\u00e9rio da Sa\u00fade<\/p>\n","protected":false},"excerpt":{"rendered":"A detec\u00e7\u00e3o precoce salva vidas; o diagn\u00f3stico e tratamento est\u00e3o dispon\u00edveis no SUS para todas as mulheres \u201cSe&hellip;\n","protected":false},"author":2,"featured_media":125273,"comment_status":"","ping_status":"","sticky":false,"template":"","format":"standard","meta":{"footnotes":""},"categories":[86],"tags":[10349,5960,116,23543,32,33,117],"class_list":{"0":"post-125272","1":"post","2":"type-post","3":"status-publish","4":"format-standard","5":"has-post-thumbnail","7":"category-saude","8":"tag-cancer-de-colo-de-utero","9":"tag-cancer-de-mama","10":"tag-health","11":"tag-outubro-rosa","12":"tag-portugal","13":"tag-pt","14":"tag-saude"},"share_on_mastodon":{"url":"https:\/\/pubeurope.com\/@pt\/115432221847375276","error":""},"_links":{"self":[{"href":"https:\/\/www.europesays.com\/pt\/wp-json\/wp\/v2\/posts\/125272","targetHints":{"allow":["GET"]}}],"collection":[{"href":"https:\/\/www.europesays.com\/pt\/wp-json\/wp\/v2\/posts"}],"about":[{"href":"https:\/\/www.europesays.com\/pt\/wp-json\/wp\/v2\/types\/post"}],"author":[{"embeddable":true,"href":"https:\/\/www.europesays.com\/pt\/wp-json\/wp\/v2\/users\/2"}],"replies":[{"embeddable":true,"href":"https:\/\/www.europesays.com\/pt\/wp-json\/wp\/v2\/comments?post=125272"}],"version-history":[{"count":0,"href":"https:\/\/www.europesays.com\/pt\/wp-json\/wp\/v2\/posts\/125272\/revisions"}],"wp:featuredmedia":[{"embeddable":true,"href":"https:\/\/www.europesays.com\/pt\/wp-json\/wp\/v2\/media\/125273"}],"wp:attachment":[{"href":"https:\/\/www.europesays.com\/pt\/wp-json\/wp\/v2\/media?parent=125272"}],"wp:term":[{"taxonomy":"category","embeddable":true,"href":"https:\/\/www.europesays.com\/pt\/wp-json\/wp\/v2\/categories?post=125272"},{"taxonomy":"post_tag","embeddable":true,"href":"https:\/\/www.europesays.com\/pt\/wp-json\/wp\/v2\/tags?post=125272"}],"curies":[{"name":"wp","href":"https:\/\/api.w.org\/{rel}","templated":true}]}}