{"id":125274,"date":"2025-10-25T01:37:27","date_gmt":"2025-10-25T01:37:27","guid":{"rendered":"https:\/\/www.europesays.com\/pt\/125274\/"},"modified":"2025-10-25T01:37:27","modified_gmt":"2025-10-25T01:37:27","slug":"virginia-exibe-o-video-oficial-do-aniversario-de-3-anos-da-filha-maria-flor","status":"publish","type":"post","link":"https:\/\/www.europesays.com\/pt\/125274\/","title":{"rendered":"Virginia exibe o v\u00eddeo oficial do anivers\u00e1rio de 3 anos da filha Maria Flor"},"content":{"rendered":"<p>A influenciadora digital <a href=\"https:\/\/caras.com.br\/tags\/virginia\" rel=\"nofollow noopener\" target=\"_blank\"><strong>Virginia Fonseca<\/strong><\/a> explodiu o fofur\u00f4metro das redes sociais ao mostrar um v\u00eddeo oficial da festa de anivers\u00e1rio de 3 anos da filha <strong>Maria Flor<\/strong>, fruto do casamento com <strong>Z\u00e9 Felipe<\/strong>. Nesta sexta-feira, 24, a m\u00e3e coruja exibiu os detalhes do evento em um v\u00eddeo encantador.<\/p>\n<p>Nas imagens, os f\u00e3s puderam ver a aniversariante se preparando na mans\u00e3o da mans\u00e3o com seu vestido de Cinderela, imagens da decora\u00e7\u00e3o da festa, momentos da pequena com a fam\u00edlia e tamb\u00e9m a hora do Parab\u00e9ns com todos reunidos, al\u00e9m das brincadeiras de Flor com os irm\u00e3os.<\/p>\n<p>\u201cCriando mem\u00f3rias e vivendo momentos incr\u00edveis ao lado de pessoas especiais!!!!! Eu tive o prazer de conhecer o MAIOR AMOR DO MUNDO por 3 vezes e ontem foi dia de comemorarmos a vida da nossa princesa Flor, preparei tudo com muito amor e do jeitinho que ela merece!!! A festa tava perfeita e a energia surreal!!! Obrigada DEUS por tudo que o Senhor faz em nossas vidas e por todas as ben\u00e7\u00e3os\u201d, disse a m\u00e3e coruja na legenda.<\/p>\n<p>A festa de Maria Flor aconteceu na casa de festas de Virginia em Goi\u00e2nia e teve o tema da princesa Cinderela, que \u00e9 a personagem favorita da menina.<\/p>\n<blockquote class=\"instagram-media\" style=\"background: #FFF; border: 0; border-radius: 3px; box-shadow: 0 0 1px 0 rgba(0,0,0,0.5),0 1px 10px 0 rgba(0,0,0,0.15); margin: 1px; max-width: 540px; min-width: 326px; padding: 0; width: calc(100% - 2px);\" data-instgrm-captioned=\"\" data-instgrm-permalink=\"https:\/\/www.instagram.com\/reel\/DQMmNKWDuTM\/?utm_source=ig_embed&amp;utm_campaign=loading\" data-instgrm-version=\"14\"><\/blockquote>\n<p>  <img loading=\"lazy\" decoding=\"async\" class=\"wp-image-1022327 size-full img-fluid lazy\" alt=\"Festa de anivers\u00e1rio de Maria Flor - Foto: Reprodu\u00e7\u00e3o \/ Instagram\" width=\"1080\" height=\"1920\" src=\"https:\/\/www.europesays.com\/pt\/wp-content\/uploads\/2025\/10\/aniversario-maria-flor-1.jpg\"  \/>Festa de anivers\u00e1rio de Maria Flor \u2013 Foto: Reprodu\u00e7\u00e3o \/ Instagram <img loading=\"lazy\" decoding=\"async\" class=\"wp-image-1022333 size-full img-fluid lazy\" alt=\"Festa de anivers\u00e1rio de Maria Flor - Foto: Reprodu\u00e7\u00e3o \/ Instagram\" width=\"1080\" height=\"1920\" src=\"https:\/\/www.europesays.com\/pt\/wp-content\/uploads\/2025\/10\/aniversario-maria-flor.jpg\"  \/>Festa de anivers\u00e1rio de Maria Flor \u2013 Foto: Reprodu\u00e7\u00e3o \/ Instagram <img loading=\"lazy\" decoding=\"async\" class=\"wp-image-1022328 size-full img-fluid lazy\" alt=\"Festa de anivers\u00e1rio de Maria Flor - Foto: Reprodu\u00e7\u00e3o \/ Instagram\" width=\"1080\" height=\"1920\" src=\"https:\/\/www.europesays.com\/pt\/wp-content\/uploads\/2025\/10\/aniversario-maria-flor-3.jpg\"  \/>Festa de anivers\u00e1rio de Maria Flor \u2013 Foto: Reprodu\u00e7\u00e3o \/ Instagram <img loading=\"lazy\" decoding=\"async\" class=\"wp-image-1022331 size-full img-fluid lazy\" alt=\"Festa de anivers\u00e1rio de Maria Flor - Foto: Reprodu\u00e7\u00e3o \/ Instagram\" width=\"1080\" height=\"1920\" src=\"https:\/\/www.europesays.com\/pt\/wp-content\/uploads\/2025\/10\/aniversario-maria-flor-7.jpg\"  \/>Festa de anivers\u00e1rio de Maria Flor \u2013 Foto: Reprodu\u00e7\u00e3o \/ Instagram <img loading=\"lazy\" decoding=\"async\" class=\"wp-image-1022330 size-full img-fluid lazy\" alt=\"Festa de anivers\u00e1rio de Maria Flor - Foto: Reprodu\u00e7\u00e3o \/ Instagram\" width=\"1080\" height=\"1920\" src=\"https:\/\/www.europesays.com\/pt\/wp-content\/uploads\/2025\/10\/aniversario-maria-flor-6.jpg\"  \/>Festa de anivers\u00e1rio de Maria Flor \u2013 Foto: Reprodu\u00e7\u00e3o \/ Instagram <img loading=\"lazy\" decoding=\"async\" class=\"wp-image-1022329 size-full img-fluid lazy\" alt=\"Festa de anivers\u00e1rio de Maria Flor - Foto: Reprodu\u00e7\u00e3o \/ Instagram\" width=\"1080\" height=\"1920\" src=\"https:\/\/www.europesays.com\/pt\/wp-content\/uploads\/2025\/10\/aniversario-maria-flor-5.jpg\"  \/>Festa de anivers\u00e1rio de Maria Flor \u2013 Foto: Reprodu\u00e7\u00e3o \/ Instagram <img loading=\"lazy\" decoding=\"async\" class=\"wp-image-1022332 size-full img-fluid lazy\" alt=\"Festa de anivers\u00e1rio de Maria Flor - Foto: Reprodu\u00e7\u00e3o \/ Instagram\" width=\"1080\" height=\"1920\" src=\"https:\/\/www.europesays.com\/pt\/wp-content\/uploads\/2025\/10\/aniversario-maria-flor-8.jpg\"  \/>Festa de anivers\u00e1rio de Maria Flor \u2013 Foto: Reprodu\u00e7\u00e3o \/ Instagram Maria Flor completou 3 anos em 22 de outubro <\/p>\n<p>O dia do anivers\u00e1rio de Maria Flor foi em 22 de outubro e ela estava em S\u00e3o Paulo com a m\u00e3e. Na data, ela curtiu o seu anivers\u00e1rio com um bolo na cama e uma ida a um parque de pula-pula.<\/p>\n<p>\u201cDia 22 de outubro de 2022 nasceu minha pequena Flor\u2026 Deus me presenteou com uma menininha fofa, vaidosa, carism\u00e1tica, engra\u00e7ada, carinhosa, cuidadosa, enfim, ficaria aqui por horas escrevendo sobre ela, sobre como sou grata a Deus pela sua vida, pe\u00e7o a Ele todos os dias que lhe d\u00ea muita sa\u00fade, felicidade, humildade, car\u00e1ter, amor e sucesso!!! Floflo, vc veio nesse mundo pra encantar, pra brilhar, vc \u00e9 a Flor mais linda do nosso jardim!!! Hoje vc \u00e9 completa 3 anos, as vezes acho q vc tem uns 60, ainda mais quando vc l\u00ea livros como do SUBOLINHA kkkkkk obrigada por ser exatamente assim, sua m\u00e3e e sua familia te amam mais que tudo no mundo!!! Hoje \u00e9 SEU DIA e amanh\u00e3 comemoraremos com MUITO AMORRR esse dia t\u00e3o especial\u201d, disse Virginia.<\/p>\n<blockquote class=\"instagram-media\" style=\"background: #FFF; border: 0; border-radius: 3px; box-shadow: 0 0 1px 0 rgba(0,0,0,0.5),0 1px 10px 0 rgba(0,0,0,0.15); margin: 1px; max-width: 540px; min-width: 326px; padding: 0; width: calc(100% - 2px);\" data-instgrm-captioned=\"\" data-instgrm-permalink=\"https:\/\/www.instagram.com\/p\/DQHUQUzDDqD\/?utm_source=ig_embed&amp;utm_campaign=loading\" data-instgrm-version=\"14\"><\/blockquote>\n<p>        <a href=\"https:\/\/caras.com.br\/autor\/priscilla-comoti\" rel=\"nofollow noopener\" target=\"_blank\">&#13;<br \/>\n          <img alt=\"Priscilla Comoti\" src=\"https:\/\/www.europesays.com\/pt\/wp-content\/uploads\/2025\/10\/1761356247_157_e53883bdf02c542f6517b68879e8cb08b27a1d55c4dfd53577e47d3ab6331a06\"  class=\"avatar avatar-115 photo rounded-circle mr-3\" height=\"115\" width=\"115\" loading=\"lazy\" decoding=\"async\"\/>        <\/a><\/p>\n<p>Priscilla Comoti \u00e9 editora de conte\u00fado do site CARAS. Ela \u00e9 formada em jornalismo e em audiovisual, j\u00e1 passou pelos sites Contigo!, Minha Novela, TiTiTi, Mais Novela e Portal M\u00e1rcia Piovesan. Escreve sobre celebridades, not\u00edcias sobre a fam\u00edlia real brit\u00e2nica, TV, reality show e novelas.<\/p>\n<p>\t                                            <script async src=\"\/\/www.instagram.com\/embed.js\"><\/script><\/p>\n","protected":false},"excerpt":{"rendered":"A influenciadora digital Virginia Fonseca explodiu o fofur\u00f4metro das redes sociais ao mostrar um v\u00eddeo oficial da festa&hellip;\n","protected":false},"author":2,"featured_media":125275,"comment_status":"","ping_status":"","sticky":false,"template":"","format":"standard","meta":{"footnotes":""},"categories":[145],"tags":[996,211,210,114,115,1513,32,33,578,973,1446],"class_list":{"0":"post-125274","1":"post","2":"type-post","3":"status-publish","4":"format-standard","5":"has-post-thumbnail","7":"category-celebridades","8":"tag-aniversario","9":"tag-celebridades","10":"tag-celebrities","11":"tag-entertainment","12":"tag-entretenimento","13":"tag-maria-flor","14":"tag-portugal","15":"tag-pt","16":"tag-video","17":"tag-virginia","18":"tag-virginia-fonseca"},"share_on_mastodon":{"url":"https:\/\/pubeurope.com\/@pt\/115432249530069798","error":""},"_links":{"self":[{"href":"https:\/\/www.europesays.com\/pt\/wp-json\/wp\/v2\/posts\/125274","targetHints":{"allow":["GET"]}}],"collection":[{"href":"https:\/\/www.europesays.com\/pt\/wp-json\/wp\/v2\/posts"}],"about":[{"href":"https:\/\/www.europesays.com\/pt\/wp-json\/wp\/v2\/types\/post"}],"author":[{"embeddable":true,"href":"https:\/\/www.europesays.com\/pt\/wp-json\/wp\/v2\/users\/2"}],"replies":[{"embeddable":true,"href":"https:\/\/www.europesays.com\/pt\/wp-json\/wp\/v2\/comments?post=125274"}],"version-history":[{"count":0,"href":"https:\/\/www.europesays.com\/pt\/wp-json\/wp\/v2\/posts\/125274\/revisions"}],"wp:featuredmedia":[{"embeddable":true,"href":"https:\/\/www.europesays.com\/pt\/wp-json\/wp\/v2\/media\/125275"}],"wp:attachment":[{"href":"https:\/\/www.europesays.com\/pt\/wp-json\/wp\/v2\/media?parent=125274"}],"wp:term":[{"taxonomy":"category","embeddable":true,"href":"https:\/\/www.europesays.com\/pt\/wp-json\/wp\/v2\/categories?post=125274"},{"taxonomy":"post_tag","embeddable":true,"href":"https:\/\/www.europesays.com\/pt\/wp-json\/wp\/v2\/tags?post=125274"}],"curies":[{"name":"wp","href":"https:\/\/api.w.org\/{rel}","templated":true}]}}