{"id":125283,"date":"2025-10-25T01:54:23","date_gmt":"2025-10-25T01:54:23","guid":{"rendered":"https:\/\/www.europesays.com\/pt\/125283\/"},"modified":"2025-10-25T01:54:23","modified_gmt":"2025-10-25T01:54:23","slug":"fui-usada-para-fazer-audiencias","status":"publish","type":"post","link":"https:\/\/www.europesays.com\/pt\/125283\/","title":{"rendered":"\u201cFui usada para fazer audi\u00eancias\u201d"},"content":{"rendered":"<p><a href=\"https:\/\/infocul.pt\/raquel-mendes-arrasa-a-sic-apos-final-de-casados-a-primeira-vista-fui-usada-para-fazer-audiencias\/\" rel=\"nofollow noopener\" target=\"_blank\">Raquel Mendes<\/a> arrasa a SIC ap\u00f3s final de \u201cCasados \u00e0 Primeira Vista\u201d: \u201cFui usada para fazer audi\u00eancias\u201d, disse.<\/p>\n<p>Ex-concorrente acusa esta\u00e7\u00e3o e produtora de manipula\u00e7\u00e3o e falta de respeito<\/p>\n<p>A ex-participante de <strong>\u201cCasados \u00e0 Primeira Vista\u201d<\/strong>, <strong>Raquel Mendes<\/strong>, recorreu \u00e0s redes sociais para <strong>criticar duramente a SIC e a produtora Shine Iberia<\/strong>, depois de ter marcado presen\u00e7a na gala final da atual edi\u00e7\u00e3o do reality show.<\/p>\n<p>A coordenadora de eventos afirmou sentir-se enganada e usada, revelando que <strong>s\u00f3 soube o motivo da sua participa\u00e7\u00e3o momentos antes do direto<\/strong>.<\/p>\n<p>\u201cSoube o que estaria l\u00e1 a fazer minutos antes de come\u00e7ar o direto\u201d<\/p>\n<p>Visivelmente indignada, Raquel contou que a sua presen\u00e7a no programa n\u00e3o foi esclarecida com anteced\u00eancia. <strong>\u201cSabia que, eventualmente, o Hugo estaria l\u00e1. Tudo bem (\u2026) Mas \u00e9 \u00f3bvio que fiquei nervosa quando, a minutos de entrar para um direto, soube que iria ser confrontada e que me iria sentar num sof\u00e1 dos especialistas, num programa que n\u00e3o \u00e9 o meu e em que eu n\u00e3o participei\u201d<\/strong>, desabafou.<\/p>\n<p>\u201cFoi uma palha\u00e7ada. Fui usada pela SIC e pela Shine\u201d<\/p>\n<p>A ex-concorrente n\u00e3o poupou cr\u00edticas \u00e0 forma como foi tratada, afirmando que a sua presen\u00e7a serviu apenas para criar pol\u00e9mica. <strong>\u201cPensei muito se vinha aqui falar, mas foi uma palha\u00e7ada. Mais uma vez, fui usada pela SIC e pela Shine para fazer audi\u00eancias e para fazer um circo e uma lavagem de roupa suja\u201d<\/strong>, acusou, num tom de revolta.<\/p>\n<p>\u201cN\u00e3o sou a palha\u00e7a das vossas audi\u00eancias\u201d<\/p>\n<p>Raquel Mendes foi ainda mais longe, garantindo que n\u00e3o voltar\u00e1 a colaborar com o canal. <strong>\u201cPara mim, chega! N\u00e3o sou a palha\u00e7a de servi\u00e7o, n\u00e3o sou a palha\u00e7a das vossas audi\u00eancias sem receber um tost\u00e3o\u201d<\/strong>, atirou, acrescentando que <strong>\u201cnem sequer teve direito a dinheiro para a gasolina\u201d<\/strong>.<\/p>\n<p>Veja a publica\u00e7\u00e3o <a href=\"https:\/\/www.instagram.com\/reel\/DQClfY1Chcq\/?utm_source=ig_embed\" rel=\"nofollow noopener\" target=\"_blank\">AQUI<\/a>.<\/p>\n<p><a href=\"https:\/\/news.google.com\/publications\/CAAqBwgKMKfIoAswtNK4Aw\" target=\"_blank\" rel=\"noopener noreferrer nofollow\"><img loading=\"lazy\" data-lazyloaded=\"1\" width=\"481\" height=\"161\" decoding=\"async\" src=\"\/wp-content\/uploads\/2024\/02\/GN_siganos.png\" alt=\"Siga-nos no Google News\" style=\"margin-top:20px;\"\/><\/a><script async src=\"\/\/www.instagram.com\/embed.js\"><\/script><\/p>\n","protected":false},"excerpt":{"rendered":"Raquel Mendes arrasa a SIC ap\u00f3s final de \u201cCasados \u00e0 Primeira Vista\u201d: \u201cFui usada para fazer audi\u00eancias\u201d, disse.&hellip;\n","protected":false},"author":2,"featured_media":120737,"comment_status":"","ping_status":"","sticky":false,"template":"","format":"standard","meta":{"footnotes":""},"categories":[142],"tags":[5934,114,115,32,33,151],"class_list":{"0":"post-125283","1":"post","2":"type-post","3":"status-publish","4":"format-standard","5":"has-post-thumbnail","7":"category-tv","8":"tag-casados-a-primeira-vista","9":"tag-entertainment","10":"tag-entretenimento","11":"tag-portugal","12":"tag-pt","13":"tag-tv"},"share_on_mastodon":{"url":"https:\/\/pubeurope.com\/@pt\/115432316269523679","error":""},"_links":{"self":[{"href":"https:\/\/www.europesays.com\/pt\/wp-json\/wp\/v2\/posts\/125283","targetHints":{"allow":["GET"]}}],"collection":[{"href":"https:\/\/www.europesays.com\/pt\/wp-json\/wp\/v2\/posts"}],"about":[{"href":"https:\/\/www.europesays.com\/pt\/wp-json\/wp\/v2\/types\/post"}],"author":[{"embeddable":true,"href":"https:\/\/www.europesays.com\/pt\/wp-json\/wp\/v2\/users\/2"}],"replies":[{"embeddable":true,"href":"https:\/\/www.europesays.com\/pt\/wp-json\/wp\/v2\/comments?post=125283"}],"version-history":[{"count":0,"href":"https:\/\/www.europesays.com\/pt\/wp-json\/wp\/v2\/posts\/125283\/revisions"}],"wp:featuredmedia":[{"embeddable":true,"href":"https:\/\/www.europesays.com\/pt\/wp-json\/wp\/v2\/media\/120737"}],"wp:attachment":[{"href":"https:\/\/www.europesays.com\/pt\/wp-json\/wp\/v2\/media?parent=125283"}],"wp:term":[{"taxonomy":"category","embeddable":true,"href":"https:\/\/www.europesays.com\/pt\/wp-json\/wp\/v2\/categories?post=125283"},{"taxonomy":"post_tag","embeddable":true,"href":"https:\/\/www.europesays.com\/pt\/wp-json\/wp\/v2\/tags?post=125283"}],"curies":[{"name":"wp","href":"https:\/\/api.w.org\/{rel}","templated":true}]}}