{"id":125304,"date":"2025-10-25T02:24:11","date_gmt":"2025-10-25T02:24:11","guid":{"rendered":"https:\/\/www.europesays.com\/pt\/125304\/"},"modified":"2025-10-25T02:24:11","modified_gmt":"2025-10-25T02:24:11","slug":"quando-estreia-o-documentario-de-10-anos-do-seventeen-no-brasil","status":"publish","type":"post","link":"https:\/\/www.europesays.com\/pt\/125304\/","title":{"rendered":"Quando estreia o document\u00e1rio de 10 anos do SEVENTEEN no Brasil?"},"content":{"rendered":"<p>Os f\u00e3s do<a href=\"https:\/\/recreio.com.br\/tags\/seventeen\" rel=\"nofollow noopener\" target=\"_blank\"> SEVENTEEN<\/a> podem comemorar: a PLEDIS Entertainment anunciou que o grupo comemorar\u00e1 seus 10 anos de carreira em grandioso estilo lan\u00e7ando um document\u00e1rio sobre a trajet\u00f3ria da forma\u00e7\u00e3o. Chamado de \u201cOur Chapter\u201d (\u201cNosso Cap\u00edtulo\u201d, em livre tradu\u00e7\u00e3o), o projeto acontece em parceria com o <a href=\"https:\/\/www.disneyplus.com\/home\" rel=\"nofollow noopener\" target=\"_blank\">Disney+<\/a>.<\/p>\n<p>Junto de um p\u00f4ster unindo todos os membros em preto e branco, um slogan da produ\u00e7\u00e3o foi revelado. Com um tom documental, o grupo deve explorar mais da hist\u00f3ria do grupo com momentos \u00edntimos e nunca contados antes:<\/p>\n<blockquote>\n<p>\u201d Fizemos perguntas e encontramos nossas pr\u00f3prias respostas. Agora, pela primeira vez, compartilhamos a hist\u00f3ria da Seventeen.\u201d<\/p>\n<\/blockquote>\n<p>Segundo o AllKPop, o document\u00e1rio embarca com o grupo em uma jornada de descoberta e passa por v\u00e1rios momentos compartilhados entre o SEVENTEEN e os f\u00e3s. Na parte inferior, o nome dos integrantes aparece e uma fonte laranja destaca os CARAT, o nome do fandom. A jornada deles, ent\u00e3o, \u00e9 atrelada a todo o amor que \u00e9 despejado em cima deles por diversas idades ao redor do mundo. Ser\u00e3o quatro epis\u00f3dios cobrindo a turn\u00ea \u201cRight Here\u201d, a produ\u00e7\u00e3o do quinto \u00e1lbum, o \u201cHappy Burstday\u201d e o nono encontro com os f\u00e3s no \u201cSEVENTEEN in CARAT LAND\u201d. O primeiro epis\u00f3dio chega a plataforma de streaming em 7 de novembro e ter\u00e1 um novo cap\u00edtulo lan\u00e7ado toda sexta-feira.<\/p>\n<blockquote class=\"twitter-tweet\">\n<p dir=\"ltr\" lang=\"pt\">Lan\u00e7amento de \u201cSEVENTEEN: OUR CHAPTER\u201d confirmado no Brasil em 7 de novembro. <a href=\"https:\/\/t.co\/9aIaIOLpMl\" rel=\"nofollow\">pic.twitter.com\/9aIaIOLpMl<\/a><\/p>\n<p>\u2014 Guia Disney+ Brasil (@guiadisneyplus) <a href=\"https:\/\/twitter.com\/guiadisneyplus\/status\/1981686156019564764?ref_src=twsrc%5Etfw\" rel=\"nofollow noopener\" target=\"_blank\">October 24, 2025<\/a><\/p>\n<\/blockquote>\n<p> Mais sobre o SEVENTEEN <\/p>\n<p data-mrf-recirculation=\".Corpo do artigo\">O grupo \u00e9 formado por<a href=\"https:\/\/www.instagram.com\/saythename_17\/\" target=\"_blank\" rel=\"noopener nofollow\"> 13 membros<\/a>:<strong> S.Coups, Jeonghan, Joshua, Jun, Hoshi, Wonwoo, Woozi, The8, Mingyu, DK, Seungkwan, Vernon e Dino<\/strong>. Formados como SEVENTEEN\u00a0 pela PLEDIS Entertainment, uma subsidi\u00e1ria da HYBE Labels, eles estrearam em 26 de maio de 2015 com o \u00e1lbum \u201c17 CARAT\u201d.<\/p>\n<p data-mrf-recirculation=\".Corpo do artigo\">Antes da estreia, os planos da empresa era que, de fato, o grupo contasse com 17 integrantes. Por\u00e9m, quatro membros acabaram deixando a ag\u00eancia, resultando em uma mudan\u00e7a de conceito. Agora, o nome \u201cSEVENTEEN\u201d n\u00e3o \u00e9 uma refer\u00eancia ao n\u00famero de membros, e possui um outro significado: \u00e9 a combina\u00e7\u00e3o dos 13 integrantes, composto por 3 sub-units (Vocal Unit, Hip-Hop Unit e Performance Unit) que formam um time, o <a href=\"https:\/\/pt.wikipedia.org\/wiki\/Seventeen\" rel=\"nofollow noopener\" target=\"_blank\">SEVENTEEN<\/a>.<\/p>\n<p>\t                                            <script async src=\"https:\/\/platform.twitter.com\/widgets.js\" charset=\"utf-8\"><\/script><script async src=\"\/\/www.instagram.com\/embed.js\"><\/script><\/p>\n","protected":false},"excerpt":{"rendered":"Os f\u00e3s do SEVENTEEN podem comemorar: a PLEDIS Entertainment anunciou que o grupo comemorar\u00e1 seus 10 anos de&hellip;\n","protected":false},"author":2,"featured_media":125305,"comment_status":"","ping_status":"","sticky":false,"template":"","format":"standard","meta":{"footnotes":""},"categories":[140],"tags":[1414,114,115,147,148,1688,146,150,32,33,21984],"class_list":{"0":"post-125304","1":"post","2":"type-post","3":"status-publish","4":"format-standard","5":"has-post-thumbnail","7":"category-filmes","8":"tag-documentario","9":"tag-entertainment","10":"tag-entretenimento","11":"tag-film","12":"tag-filmes","13":"tag-k-pop","14":"tag-movies","15":"tag-musica","16":"tag-portugal","17":"tag-pt","18":"tag-seventeen"},"share_on_mastodon":{"url":"https:\/\/pubeurope.com\/@pt\/115432434166540874","error":""},"_links":{"self":[{"href":"https:\/\/www.europesays.com\/pt\/wp-json\/wp\/v2\/posts\/125304","targetHints":{"allow":["GET"]}}],"collection":[{"href":"https:\/\/www.europesays.com\/pt\/wp-json\/wp\/v2\/posts"}],"about":[{"href":"https:\/\/www.europesays.com\/pt\/wp-json\/wp\/v2\/types\/post"}],"author":[{"embeddable":true,"href":"https:\/\/www.europesays.com\/pt\/wp-json\/wp\/v2\/users\/2"}],"replies":[{"embeddable":true,"href":"https:\/\/www.europesays.com\/pt\/wp-json\/wp\/v2\/comments?post=125304"}],"version-history":[{"count":0,"href":"https:\/\/www.europesays.com\/pt\/wp-json\/wp\/v2\/posts\/125304\/revisions"}],"wp:featuredmedia":[{"embeddable":true,"href":"https:\/\/www.europesays.com\/pt\/wp-json\/wp\/v2\/media\/125305"}],"wp:attachment":[{"href":"https:\/\/www.europesays.com\/pt\/wp-json\/wp\/v2\/media?parent=125304"}],"wp:term":[{"taxonomy":"category","embeddable":true,"href":"https:\/\/www.europesays.com\/pt\/wp-json\/wp\/v2\/categories?post=125304"},{"taxonomy":"post_tag","embeddable":true,"href":"https:\/\/www.europesays.com\/pt\/wp-json\/wp\/v2\/tags?post=125304"}],"curies":[{"name":"wp","href":"https:\/\/api.w.org\/{rel}","templated":true}]}}