{"id":125320,"date":"2025-10-25T02:47:16","date_gmt":"2025-10-25T02:47:16","guid":{"rendered":"https:\/\/www.europesays.com\/pt\/125320\/"},"modified":"2025-10-25T02:47:16","modified_gmt":"2025-10-25T02:47:16","slug":"famosos-juntam-se-para-converter-passos-em-refeicoes-cada-passo-por-mais-pequeno-que-pareca-pode-transformar-vidas","status":"publish","type":"post","link":"https:\/\/www.europesays.com\/pt\/125320\/","title":{"rendered":"Famosos juntam-se para converter passos em refei\u00e7\u00f5es: &#8220;Cada passo, por mais pequeno que pare\u00e7a, pode transformar vidas&#8221;"},"content":{"rendered":"<p>O projeto <a href=\"https:\/\/todosospassoscontam.galp.com\/\" rel=\"nofollow noopener\" target=\"_blank\">&#8220;Todos os Passos Contam&#8221;<\/a> est\u00e1 de volta para a sexta edi\u00e7\u00e3o, e promete voltar a p\u00f4r Portugal inteiro a mexer, literalmente, por uma causa maior. Entre 8 de outubro e 10 de dezembro, cada quil\u00f3metro caminhado, corrido, pedalado ou dan\u00e7ado vale uma refei\u00e7\u00e3o doada \u00e0 Rede de Emerg\u00eancia Alimentar, em apoio a milhares de fam\u00edlias por todo o pa\u00eds. Simples. Humano. Poderoso.<\/p>\n<p>Desde 2021, este <a href=\"https:\/\/todosospassoscontam.galp.com\/\" rel=\"nofollow noopener\" target=\"_blank\">movimento solid\u00e1rio promovido pela Funda\u00e7\u00e3o Galp<\/a> j\u00e1 entregou mais de 4,2 milh\u00f5es de refei\u00e7\u00f5es a fam\u00edlias vulner\u00e1veis. Tudo gra\u00e7as aos mais de 320 mil portugueses que trocaram a pregui\u00e7a por prop\u00f3sito.<\/p>\n<p>Este ano, o desafio repete-se: atingir um milh\u00e3o de quil\u00f3metros em apenas dois meses. Um milh\u00e3o de passos, gestos, sorrisos\u2026 e refei\u00e7\u00f5es.<\/p>\n<p>Para dar corpo e alma a esta caminhada coletiva, voltam a juntar-se rostos que todos bem conhecemos e admiramos: a apresentadora M\u00f3nica Jardim e o radialista Pedro Ribeiro, embaixadores desde o primeiro passo, com a mesma energia de sempre.<\/p>\n<p>&#8220;Estou muito feliz por abra\u00e7ar, mais um ano, este desafio com o cora\u00e7\u00e3o cheio e a energia que contagia!\u00a0A iniciativa <a href=\"https:\/\/todosospassoscontam.galp.com\/\" rel=\"nofollow noopener\" target=\"_blank\">&#8216;Todos os Passos Contam&#8217;<\/a> tem mostrado, ao longo dos \u00faltimos anos, que cada passo, por mais pequeno que pare\u00e7a, pode transformar vidas. Este ano, quero contribuir com o m\u00e1ximo poss\u00edvel de quil\u00f3metros percorridos! Quem nunca participou que participe, porque estamos a ajudar a por comida na boca de quem mais precisa&#8221;, sublinhou a apresentadora da TVI, que apoia institucionalmente o projeto desde 2021, a par da R\u00e1dio Comercial.<\/p>\n<p>&#8220;Esta <a href=\"https:\/\/todosospassoscontam.galp.com\/\" rel=\"nofollow noopener\" target=\"_blank\">iniciativa da Funda\u00e7\u00e3o Galp<\/a> transforma quil\u00f3metros em refei\u00e7\u00f5es. Simples, direta e com impacto real: um quil\u00f3metro equivale a uma refei\u00e7\u00e3o. Para mim, \u00e9 muito mais do que um desafio. \u00c9 uma forma de ajudar quem mais precisa enquanto fa\u00e7o algo que j\u00e1 faz parte da minha rotina: pedalar quase todos os dias. N\u00e3o vou arriscar adivinhar quantos quil\u00f3metros vou somar at\u00e9 ao fim, mas uma coisa \u00e9 certa: quero contribuir com o maior n\u00famero de refei\u00e7\u00f5es poss\u00edvel!&#8221;, garantiu o ator Pedro Hossi,\u00a0que tamb\u00e9m se associou \u00e0 campanha, \u00e0 semelhan\u00e7a do cantor Diogo Pi\u00e7arra.<\/p>\n<p>Participar \u00e9 t\u00e3o f\u00e1cil como&#8230; dar um passo! Mexer-se, caminhar, correr, dan\u00e7ar, pedalar. Vale tudo, menos ficar parado. Basta registar a dist\u00e2ncia percorrida em quil\u00f3metros, usando uma app de fitness ou smartwatch, e submeter o comprovativo em: <a href=\"http:\/\/todosospassoscontam.galp.com\" rel=\"nofollow noopener\" target=\"_blank\">todosospassoscontam.galp.com<\/a> (com local e data).<\/p>\n<p>Nesta edi\u00e7\u00e3o, a\u00a0Funda\u00e7\u00e3o Galp tamb\u00e9m desafiou os alunos de programa\u00e7\u00e3o da Escola 42 Lisboa a contribu\u00edrem com novas ideias para o desenvolvimento da app do projeto, promovendo a inova\u00e7\u00e3o e o envolvimento dos mais jovens.<\/p>\n<p>O movimento ganha ainda maior representatividade com a participa\u00e7\u00e3o da comunidade de Alc\u00e2ntara, atrav\u00e9s do Centro Social e Paroquial e do Boa-Hora FC, que este ano integram o grupo de rostos da campanha.<\/p>\n<p>E, como se n\u00e3o bastasse, a GNR e v\u00e1rias c\u00e2maras municipais (Alcoutim, Arganil, Cascais, Loures, Matosinhos, Porto, Santiago do Cac\u00e9m e Sines) juntam-se ao movimento, provando que, juntos, ningu\u00e9m fica para tr\u00e1s.<\/p>\n<p>E, sim, aquele passeio com o c\u00e3o tamb\u00e9m conta. E a maratona de compras no shopping\u2026 tamb\u00e9m! Seja sozinho, em fam\u00edlia, com amigos, com o gin\u00e1sio inteiro ou com os colegas do trabalho, o importante \u00e9 participar.<\/p>\n<p>Portugal j\u00e1 provou que tem o cora\u00e7\u00e3o no s\u00edtio certo e, agora, \u00e9 tempo de o p\u00f4r\u2026 em movimento. De outubro a dezembro, cal\u00e7a os t\u00e9nis, liga o cora\u00e7\u00e3o e soma quil\u00f3metros que valem refei\u00e7\u00f5es.<\/p>\n<p>Porque <a href=\"https:\/\/todosospassoscontam.galp.com\/\" rel=\"nofollow noopener\" target=\"_blank\">&#8220;Todos Os Passos Contam&#8221;<\/a> e este pode ser um dos mais importantes que d\u00e1s este ano.<\/p>\n","protected":false},"excerpt":{"rendered":"O projeto &#8220;Todos os Passos Contam&#8221; est\u00e1 de volta para a sexta edi\u00e7\u00e3o, e promete voltar a p\u00f4r&hellip;\n","protected":false},"author":2,"featured_media":125321,"comment_status":"","ping_status":"","sticky":false,"template":"","format":"standard","meta":{"footnotes":""},"categories":[145],"tags":[211,210,28803,114,115,980,28801,4851,8236,3441,28802,32,33,1012,6543,28800],"class_list":{"0":"post-125320","1":"post","2":"type-post","3":"status-publish","4":"format-standard","5":"has-post-thumbnail","7":"category-celebridades","8":"tag-celebridades","9":"tag-celebrities","10":"tag-diogo-picarra","11":"tag-entertainment","12":"tag-entretenimento","13":"tag-famosos","14":"tag-fundacao-galp","15":"tag-galp","16":"tag-monica-jardim","17":"tag-pedro-hossi","18":"tag-pedro-ribeiro","19":"tag-portugal","20":"tag-pt","21":"tag-selfie","22":"tag-solidariedade","23":"tag-todos-os-passos-contam"},"share_on_mastodon":{"url":"https:\/\/pubeurope.com\/@pt\/115432524498056736","error":""},"_links":{"self":[{"href":"https:\/\/www.europesays.com\/pt\/wp-json\/wp\/v2\/posts\/125320","targetHints":{"allow":["GET"]}}],"collection":[{"href":"https:\/\/www.europesays.com\/pt\/wp-json\/wp\/v2\/posts"}],"about":[{"href":"https:\/\/www.europesays.com\/pt\/wp-json\/wp\/v2\/types\/post"}],"author":[{"embeddable":true,"href":"https:\/\/www.europesays.com\/pt\/wp-json\/wp\/v2\/users\/2"}],"replies":[{"embeddable":true,"href":"https:\/\/www.europesays.com\/pt\/wp-json\/wp\/v2\/comments?post=125320"}],"version-history":[{"count":0,"href":"https:\/\/www.europesays.com\/pt\/wp-json\/wp\/v2\/posts\/125320\/revisions"}],"wp:featuredmedia":[{"embeddable":true,"href":"https:\/\/www.europesays.com\/pt\/wp-json\/wp\/v2\/media\/125321"}],"wp:attachment":[{"href":"https:\/\/www.europesays.com\/pt\/wp-json\/wp\/v2\/media?parent=125320"}],"wp:term":[{"taxonomy":"category","embeddable":true,"href":"https:\/\/www.europesays.com\/pt\/wp-json\/wp\/v2\/categories?post=125320"},{"taxonomy":"post_tag","embeddable":true,"href":"https:\/\/www.europesays.com\/pt\/wp-json\/wp\/v2\/tags?post=125320"}],"curies":[{"name":"wp","href":"https:\/\/api.w.org\/{rel}","templated":true}]}}