{"id":125324,"date":"2025-10-25T02:53:15","date_gmt":"2025-10-25T02:53:15","guid":{"rendered":"https:\/\/www.europesays.com\/pt\/125324\/"},"modified":"2025-10-25T02:53:15","modified_gmt":"2025-10-25T02:53:15","slug":"academia-jaime-pacheco-foi-roubada-e-vandalizada-durante-a-noite","status":"publish","type":"post","link":"https:\/\/www.europesays.com\/pt\/125324\/","title":{"rendered":"Academia Jaime Pacheco foi roubada e vandalizada durante a noite"},"content":{"rendered":"<p data-remotead-prev-elm=\"true\" data-remotead-elm-id=\"inread\">Ao que o JN apurou junto de Nuno Silva, presidente do clube, os assaltantes chegaram ao local num carro de marca Smart, que tinha sido roubado em Oliveira de Azem\u00e9is e foi incendiado depois do assalto.<\/p>\n<p>O carro ficou no exterior do recinto e os assaltantes, que seriam no m\u00ednimo dois, saltaram o muro e deslocaram-se para as portas de entrada do edif\u00edcio, que foram estroncadas.<\/p>\n<p>Ali, ter\u00e3o carregado uma carrinha propriedade do clube, com v\u00e1rio material e eletrodom\u00e9sticos que existiam no local, entre os quais uma arca frigor\u00edfica cheia de carne, m\u00e1quinas de secar e de caf\u00e9, pequenos eletrodom\u00e9sticos, al\u00e9m de roupa oficial do clube destinada \u00e0 venda.<\/p>\n<p data-remotead-prev-elm=\"true\" data-remotead-elm-id=\"centro1\"><img decoding=\"async\" class=\"ngx-body\" guid=\"f8079f6e-5914-4087-9039-e71bec0821ee\" src=\"https:\/\/www.europesays.com\/pt\/wp-content\/uploads\/2025\/10\/1761360795_594_image.jpg\" width=\"100%\"\/><br \/>Arca frigor\u00edfica que foi levada pelos assaltantes (Foto: DR)<\/p>\n<p>Depois, abriram o port\u00e3o principal do clube com o comando que se encontra no chaveiro, com a chave do ve\u00edculo, e colocaram-se em fuga. Antes, ainda incendiaram o Smart em que se deslocaram inicialmente e foi o inc\u00eandio que acabou por dar o alerta para o sucedido, por volta das 2.30 horas da madrugada.<\/p>\n<p><img decoding=\"async\" class=\"ngx-body\" guid=\"aabf82a1-90d0-4155-b2f1-a4129abd5319\" src=\"https:\/\/www.europesays.com\/pt\/wp-content\/uploads\/2025\/10\/1761360795_576_image.jpg\" width=\"100%\"\/><br \/>Carrinha que foi levada pelos assaltantes (Foto: DR)<\/p>\n<p>&#8220;Um duro golpe para todos atletas&#8221;<\/p>\n<p data-remotead-prev-elm=\"true\" data-remotead-elm-id=\"centro2\">A GNR de Lordelo esteve no local a tomar conta da ocorr\u00eancia e j\u00e1 est\u00e1 a investigar os v\u00eddeos do assalto que est\u00e3o na posse da dire\u00e7\u00e3o do clube.<\/p>\n<p>&#8220;Causaram-nos preju\u00edzos de v\u00e1rios milhares de euros, entre as coisas que levaram e os danos muito significativos que provocaram nas infraestruturas da academia&#8221;, afirmou Nuno Silva. &#8220;Foi um duro golpe para todos atletas, treinadores, fam\u00edlias e toda a comunidade que apoia este projeto com tanto esfor\u00e7o e dedica\u00e7\u00e3o&#8221;, concluiu, pedindo a quem tiver qualquer informa\u00e7\u00e3o que possa ajudar a recuperar os bens furtados, que entre em contacto com o clube ou com a GNR.<\/p>\n","protected":false},"excerpt":{"rendered":"Ao que o JN apurou junto de Nuno Silva, presidente do clube, os assaltantes chegaram ao local num&hellip;\n","protected":false},"author":2,"featured_media":125325,"comment_status":"","ping_status":"","sticky":false,"template":"","format":"standard","meta":{"footnotes":""},"categories":[87],"tags":[2446,135,603,32,33,134,20910],"class_list":{"0":"post-125324","1":"post","2":"type-post","3":"status-publish","4":"format-standard","5":"has-post-thumbnail","7":"category-desporto","8":"tag-assalto","9":"tag-desporto","10":"tag-justica","11":"tag-portugal","12":"tag-pt","13":"tag-sports","14":"tag-vandalismo"},"share_on_mastodon":{"url":"https:\/\/pubeurope.com\/@pt\/115432548431501215","error":""},"_links":{"self":[{"href":"https:\/\/www.europesays.com\/pt\/wp-json\/wp\/v2\/posts\/125324","targetHints":{"allow":["GET"]}}],"collection":[{"href":"https:\/\/www.europesays.com\/pt\/wp-json\/wp\/v2\/posts"}],"about":[{"href":"https:\/\/www.europesays.com\/pt\/wp-json\/wp\/v2\/types\/post"}],"author":[{"embeddable":true,"href":"https:\/\/www.europesays.com\/pt\/wp-json\/wp\/v2\/users\/2"}],"replies":[{"embeddable":true,"href":"https:\/\/www.europesays.com\/pt\/wp-json\/wp\/v2\/comments?post=125324"}],"version-history":[{"count":0,"href":"https:\/\/www.europesays.com\/pt\/wp-json\/wp\/v2\/posts\/125324\/revisions"}],"wp:featuredmedia":[{"embeddable":true,"href":"https:\/\/www.europesays.com\/pt\/wp-json\/wp\/v2\/media\/125325"}],"wp:attachment":[{"href":"https:\/\/www.europesays.com\/pt\/wp-json\/wp\/v2\/media?parent=125324"}],"wp:term":[{"taxonomy":"category","embeddable":true,"href":"https:\/\/www.europesays.com\/pt\/wp-json\/wp\/v2\/categories?post=125324"},{"taxonomy":"post_tag","embeddable":true,"href":"https:\/\/www.europesays.com\/pt\/wp-json\/wp\/v2\/tags?post=125324"}],"curies":[{"name":"wp","href":"https:\/\/api.w.org\/{rel}","templated":true}]}}