{"id":125326,"date":"2025-10-25T02:54:24","date_gmt":"2025-10-25T02:54:24","guid":{"rendered":"https:\/\/www.europesays.com\/pt\/125326\/"},"modified":"2025-10-25T02:54:24","modified_gmt":"2025-10-25T02:54:24","slug":"sespa-reforca-capacitacao-para-emergencias-quimicas-biologicas-radiologicas-e-nucleares","status":"publish","type":"post","link":"https:\/\/www.europesays.com\/pt\/125326\/","title":{"rendered":"Sespa refor\u00e7a capacita\u00e7\u00e3o para emerg\u00eancias qu\u00edmicas, biol\u00f3gicas, radiol\u00f3gicas e nucleares"},"content":{"rendered":"<p>Treinamento busca fortalecer integra\u00e7\u00e3o do setor sa\u00fade e aprimorar resposta a situa\u00e7\u00f5es de risco durante grandes eventos&#13;\n<\/p>\n<p>Por Bianca Botelho (SESPA)<\/p>\n<p>24\/10\/2025 16h16<\/p>\n<p>\t\t\t\t\t<a class=\"imgGcLink\" href=\"https:\/\/agenciapara.com.br\/midias\/2025\/grandes\/20251024161326-GC00071898-F00269877.webp\" rel=\"nofollow noopener\" target=\"_blank\"><img decoding=\"async\" class=\"imGs4O0O8\" src=\"https:\/\/www.europesays.com\/pt\/wp-content\/uploads\/2025\/10\/20251024161326-GC00071898-F00269877.webp.webp\" title=\"Cr\u00e9dito: Foto: Matheus Miranda (Ascom Sespa)\"\/><\/a>&#13;<br \/>\n&#13;<\/p>\n<p>A Secretaria de Estado de Sa\u00fade P\u00fablica do Par\u00e1 (Sespa), em parceria com o Minist\u00e9rio da Sa\u00fade, realizou nesta quinta-feira (23), um Simulado de Mesa de Prepara\u00e7\u00e3o do Setor Sa\u00fade para Eventos Qu\u00edmicos, Biol\u00f3gicos, Radiol\u00f3gicos e Nucleares (QBRN). A atividade ocorreu no audit\u00f3rio da Sespa e reuniu diversas institui\u00e7\u00f5es envolvidas em a\u00e7\u00f5es de preven\u00e7\u00e3o e resposta a emerg\u00eancias.<\/p>\n<p>O exerc\u00edcio teve como objetivo testar protocolos de atua\u00e7\u00e3o, integrar os setores envolvidos e aprimorar a capacidade de resposta r\u00e1pida e eficiente diante de situa\u00e7\u00f5es de risco, garantindo seguran\u00e7a e atendimento adequado \u00e0 popula\u00e7\u00e3o.<\/p>\n<p><a class=\"imgGcLink\" href=\"https:\/\/agenciapara.com.br\/midias\/2025\/grandes\/20251024162117-GC00071898-F00269880E.webp\" rel=\"nofollow noopener\" target=\"_blank\"><img decoding=\"async\" class=\"imGs4O0O8\" src=\"https:\/\/www.europesays.com\/pt\/wp-content\/uploads\/2025\/10\/20251024162117-GC00071898-F00269880E.webp.webp\" title=\"Cr\u00e9dito: Divulga\u00e7\u00e3o\"\/><\/a>&#13;<br \/>\nRoberta Souza, diretora do Departamento de Vigil\u00e2ncia em Sa\u00fade Ambiental e do Trabalhador&#13;<\/p>\n<p>Segundo a diretora do Departamento de Vigil\u00e2ncia em Sa\u00fade Ambiental e do Trabalhador da Sespa, Roberta Souza, o simulado \u00e9 uma etapa fundamental de prepara\u00e7\u00e3o.\u00a0<\/p>\n<p>\u201cEsse \u00e9 um simulado de mesa voltado para situa\u00e7\u00f5es com agentes QBRN em eventos de massa, que demandam resposta integrada. O treinamento busca alinhar o setor sa\u00fade com as demais institui\u00e7\u00f5es envolvidas, como as for\u00e7as armadas, Corpo de Bombeiros, Defesa Civil, Secretaria Municipal de Sa\u00fade (Sesma), Universidade Federal do Par\u00e1 (UFPA) e Instituto Evandro Chagas (IEC), entre outros. Estamos colocando em pr\u00e1tica os fluxos de resposta propostos e testando os protocolos constru\u00eddos para confirmar a efetividade do atendimento\u201d, destacou.<\/p>\n<p>No Par\u00e1, dois hospitais de refer\u00eancia foram definidos para atua\u00e7\u00e3o em ocorr\u00eancias QBRN: o Hospital Metropolitano de Urg\u00eancia e Emerg\u00eancia (HMUE) e o Hospital Universit\u00e1rio Jo\u00e3o de Barros Barreto (HUJBB). Pela manh\u00e3, equipes da Sespa, Sesma e Minist\u00e9rio da Sa\u00fade realizaram visitas t\u00e9cnicas \u00e0s unidades para verificar, in loco, os protocolos internos e avaliar as estruturas espec\u00edficas montadas para esse tipo de atendimento. O HUJBB ser\u00e1 refer\u00eancia para respostas envolvendo agentes biol\u00f3gicos, enquanto o HMUE ficar\u00e1 respons\u00e1vel por agentes qu\u00edmicos e radiol\u00f3gicos.<\/p>\n<p><a class=\"imgGcLink\" href=\"https:\/\/agenciapara.com.br\/midias\/2025\/grandes\/20251024161328-GC00071898-F00269878.webp\" rel=\"nofollow noopener\" target=\"_blank\"><img decoding=\"async\" class=\"imGs4O0O8\" src=\"https:\/\/www.europesays.com\/pt\/wp-content\/uploads\/2025\/10\/20251024161328-GC00071898-F00269878.webp.webp\" title=\"Cr\u00e9dito: Foto: Matheus Miranda (Ascom Sespa)\"\/><\/a>&#13;<br \/>\n&#13;<\/p>\n<p>Durante o simulado, foram apresentadas situa\u00e7\u00f5es fict\u00edcias, incluindo uma ocorr\u00eancia com material radiol\u00f3gico, para testar o fluxo de resposta do Hospital Metropolitano, e outra com material biol\u00f3gico, envolvendo o Hospital Barros Barreto. As simula\u00e7\u00f5es abrangeram tanto o cen\u00e1rio extra-hospitalar quanto o intra-hospitalar, avaliando a coordena\u00e7\u00e3o e a efici\u00eancia das a\u00e7\u00f5es conjuntas entre as institui\u00e7\u00f5es participantes.<\/p>\n<p>Para Juliana Fazolo Marques, que \u00e9 refer\u00eancia t\u00e9cnica dos qu\u00edmicos da \u00e1rea t\u00e9cnica QBRN da Coordena\u00e7\u00e3o Geral de Prepara\u00e7\u00e3o e Resposta do Departamento de Emerg\u00eancias em Sa\u00fade P\u00fablica do Minist\u00e9rio da Sa\u00fade, a atua\u00e7\u00e3o conjunta entre o MS, Sespa e Sesma \u00e9 fundamental para prepara\u00e7\u00e3o t\u00e9cnica de eventos de massa.<\/p>\n<p><a class=\"imgGcLink\" href=\"https:\/\/agenciapara.com.br\/midias\/2025\/grandes\/20251024161330-GC00071898-F00269879.webp\" rel=\"nofollow noopener\" target=\"_blank\"><img decoding=\"async\" class=\"imGs4O0O8\" src=\"https:\/\/www.europesays.com\/pt\/wp-content\/uploads\/2025\/10\/20251024161330-GC00071898-F00269879.webp.webp\" title=\"Cr\u00e9dito: Foto: Matheus Miranda (Ascom Sespa)\"\/><\/a>&#13;<br \/>\n&#13;<\/p>\n<p>&#8220;O simulado de mesa \u00e9 parte desse esfor\u00e7o em conjunto voltado para fortalecer a capacidade de resposta das equipes diante de emerg\u00eancias complexas que possam acontecer e envolvam agentes QBRN. Essa atividade teve como objetivo testar fluxos que foram previamente definidos entre os hospitais de retaguarda e as institui\u00e7\u00f5es envolvidas, al\u00e9m de promover os alinhamentos que ainda estavam em aberto. \u00c9 um passo importante e essencial para consolidar uma resposta r\u00e1pida e coordenada em sa\u00fade p\u00fablica\u201d, enfatizou.<\/p>\n<p>Texto: Ascom Sespa<\/p>\n","protected":false},"excerpt":{"rendered":"Treinamento busca fortalecer integra\u00e7\u00e3o do setor sa\u00fade e aprimorar resposta a situa\u00e7\u00f5es de risco durante grandes eventos&#13; Por&hellip;\n","protected":false},"author":2,"featured_media":125327,"comment_status":"","ping_status":"","sticky":false,"template":"","format":"standard","meta":{"footnotes":""},"categories":[86],"tags":[3291,3292,1650,301,3296,116,3293,1133,13,3295,3294,32,33,117,227],"class_list":{"0":"post-125326","1":"post","2":"type-post","3":"status-publish","4":"format-standard","5":"has-post-thumbnail","7":"category-saude","8":"tag-agencia","9":"tag-agenciapaa","10":"tag-fotos","11":"tag-governo","12":"tag-govpara","13":"tag-health","14":"tag-notas","15":"tag-noticia","16":"tag-noticias","17":"tag-para","18":"tag-pautas","19":"tag-portugal","20":"tag-pt","21":"tag-saude","22":"tag-videos"},"share_on_mastodon":{"url":"https:\/\/pubeurope.com\/@pt\/115432552108323457","error":""},"_links":{"self":[{"href":"https:\/\/www.europesays.com\/pt\/wp-json\/wp\/v2\/posts\/125326","targetHints":{"allow":["GET"]}}],"collection":[{"href":"https:\/\/www.europesays.com\/pt\/wp-json\/wp\/v2\/posts"}],"about":[{"href":"https:\/\/www.europesays.com\/pt\/wp-json\/wp\/v2\/types\/post"}],"author":[{"embeddable":true,"href":"https:\/\/www.europesays.com\/pt\/wp-json\/wp\/v2\/users\/2"}],"replies":[{"embeddable":true,"href":"https:\/\/www.europesays.com\/pt\/wp-json\/wp\/v2\/comments?post=125326"}],"version-history":[{"count":0,"href":"https:\/\/www.europesays.com\/pt\/wp-json\/wp\/v2\/posts\/125326\/revisions"}],"wp:featuredmedia":[{"embeddable":true,"href":"https:\/\/www.europesays.com\/pt\/wp-json\/wp\/v2\/media\/125327"}],"wp:attachment":[{"href":"https:\/\/www.europesays.com\/pt\/wp-json\/wp\/v2\/media?parent=125326"}],"wp:term":[{"taxonomy":"category","embeddable":true,"href":"https:\/\/www.europesays.com\/pt\/wp-json\/wp\/v2\/categories?post=125326"},{"taxonomy":"post_tag","embeddable":true,"href":"https:\/\/www.europesays.com\/pt\/wp-json\/wp\/v2\/tags?post=125326"}],"curies":[{"name":"wp","href":"https:\/\/api.w.org\/{rel}","templated":true}]}}