{"id":125349,"date":"2025-10-25T03:32:15","date_gmt":"2025-10-25T03:32:15","guid":{"rendered":"https:\/\/www.europesays.com\/pt\/125349\/"},"modified":"2025-10-25T03:32:15","modified_gmt":"2025-10-25T03:32:15","slug":"marcelo-espera-que-nova-lideranca-do-inem-cumpra-bem-a-sua-missao","status":"publish","type":"post","link":"https:\/\/www.europesays.com\/pt\/125349\/","title":{"rendered":"Marcelo espera que nova lideran\u00e7a do INEM &#8220;cumpra bem&#8221; a sua miss\u00e3o"},"content":{"rendered":"<p>                H\u00e1 agora <b>\u201cuma solu\u00e7\u00e3o definitiva, porque o que havia era uma substitui\u00e7\u00e3o por um per\u00edodo limitado de tempo\u201d<\/b>, frisou Marcelo Rebelo de Sousa quando questionado pelos jornalistas sobre a substitui\u00e7\u00e3o.<\/p>\n<p>O Minist\u00e9rio da Sa\u00fade confirmou esta manh\u00e3 a substitui\u00e7\u00e3o do presidente do INEM, S\u00e9rgio Janeiro, tendo escolhido para o cargo um dos outros dois candidatos que tinham sido validados pela Comiss\u00e3o de Recrutamento e Sele\u00e7\u00e3o para a Administra\u00e7\u00e3o P\u00fablica (CReSAP).<\/p>\n<p>Sobre o nome avan\u00e7ado para o cargo, a governante n\u00e3o confirmou Lu\u00eds Cabral: <b>&#8220;N\u00e3o vou confirmar. Iremos anunciar no momento em que acharmos que \u00e9 oportuno anunciar&#8221;<\/b>.<\/p>\n<p>Aos jornalistas, Marcelo Rebelo de Sousa frisou esta tarde que \u201cas solu\u00e7\u00f5es duradouras s\u00e3o sempre prefer\u00edveis \u00e0s tempor\u00e1rias, aguardando resultado de um processo que \u00e9 lento pela sua pr\u00f3pria natureza\u201d.<br \/>&#13;\n<\/p>\n<p>          <img decoding=\"async\" itemprop=\"image\" class=\"img-fluid\"   src=\"https:\/\/www.europesays.com\/pt\/wp-content\/uploads\/2025\/10\/7455873db3f9ad82bd719e8ee07e7399_N.jpg\"\/><\/p>\n<p>\n\u201cO resto, vamos ver. Tem a ver com a lideran\u00e7a, o programa da lideran\u00e7a, o repensar daquela estrutura. Tudo isso \u00e9 prematuro estar a pronunciar-me sobre esse ponto concreto\u201d, afirmou o chefe de Estado.<\/p>\n<p>Questionado sobre o que espera da nova lideran\u00e7a do INEM, <b>Marcelo respondeu que esta entidade \u201ctem um papel a desempenhar nessa vis\u00e3o global sobre a sa\u00fade\u201d, esperando-se que \u201ccumpra bem essa miss\u00e3o\u201d<\/b> pelo \u201cinteresse dos portugueses\u201d.&#13;\n            <\/p>\n","protected":false},"excerpt":{"rendered":"H\u00e1 agora \u201cuma solu\u00e7\u00e3o definitiva, porque o que havia era uma substitui\u00e7\u00e3o por um per\u00edodo limitado de tempo\u201d,&hellip;\n","protected":false},"author":2,"featured_media":125350,"comment_status":"","ping_status":"","sticky":false,"template":"","format":"standard","meta":{"footnotes":""},"categories":[8],"tags":[27,28,15,16,14,7923,25,26,21,22,12,13,19,20,32,1963,23,24,33,28788,17,18,29,30,31],"class_list":{"0":"post-125349","1":"post","2":"type-post","3":"status-publish","4":"format-standard","5":"has-post-thumbnail","7":"category-principais-noticias","8":"tag-breaking-news","9":"tag-breakingnews","10":"tag-featured-news","11":"tag-featurednews","12":"tag-headlines","13":"tag-inem","14":"tag-latest-news","15":"tag-latestnews","16":"tag-main-news","17":"tag-mainnews","18":"tag-news","19":"tag-noticias","20":"tag-noticias-principais","21":"tag-noticiasprincipais","22":"tag-portugal","23":"tag-presidente-da-republica","24":"tag-principais-noticias","25":"tag-principaisnoticias","26":"tag-pt","27":"tag-sergio-janeiro","28":"tag-top-stories","29":"tag-topstories","30":"tag-ultimas","31":"tag-ultimas-noticias","32":"tag-ultimasnoticias"},"share_on_mastodon":{"url":"https:\/\/pubeurope.com\/@pt\/115432701623739322","error":""},"_links":{"self":[{"href":"https:\/\/www.europesays.com\/pt\/wp-json\/wp\/v2\/posts\/125349","targetHints":{"allow":["GET"]}}],"collection":[{"href":"https:\/\/www.europesays.com\/pt\/wp-json\/wp\/v2\/posts"}],"about":[{"href":"https:\/\/www.europesays.com\/pt\/wp-json\/wp\/v2\/types\/post"}],"author":[{"embeddable":true,"href":"https:\/\/www.europesays.com\/pt\/wp-json\/wp\/v2\/users\/2"}],"replies":[{"embeddable":true,"href":"https:\/\/www.europesays.com\/pt\/wp-json\/wp\/v2\/comments?post=125349"}],"version-history":[{"count":0,"href":"https:\/\/www.europesays.com\/pt\/wp-json\/wp\/v2\/posts\/125349\/revisions"}],"wp:featuredmedia":[{"embeddable":true,"href":"https:\/\/www.europesays.com\/pt\/wp-json\/wp\/v2\/media\/125350"}],"wp:attachment":[{"href":"https:\/\/www.europesays.com\/pt\/wp-json\/wp\/v2\/media?parent=125349"}],"wp:term":[{"taxonomy":"category","embeddable":true,"href":"https:\/\/www.europesays.com\/pt\/wp-json\/wp\/v2\/categories?post=125349"},{"taxonomy":"post_tag","embeddable":true,"href":"https:\/\/www.europesays.com\/pt\/wp-json\/wp\/v2\/tags?post=125349"}],"curies":[{"name":"wp","href":"https:\/\/api.w.org\/{rel}","templated":true}]}}