{"id":125363,"date":"2025-10-25T03:59:32","date_gmt":"2025-10-25T03:59:32","guid":{"rendered":"https:\/\/www.europesays.com\/pt\/125363\/"},"modified":"2025-10-25T03:59:32","modified_gmt":"2025-10-25T03:59:32","slug":"rede-fiocruz-de-pesquisa-clinica-debate-cooperacao-cientifica-e-desafios-sanitarios","status":"publish","type":"post","link":"https:\/\/www.europesays.com\/pt\/125363\/","title":{"rendered":"Rede Fiocruz de Pesquisa Cl\u00ednica debate coopera\u00e7\u00e3o cient\u00edfica e desafios sanit\u00e1rios"},"content":{"rendered":"<p>Com mais de 800 inscritos, o XII Encontro da Rede Fiocruz de Pesquisa Cl\u00ednica (RFPC) destacou o papel estrat\u00e9gico da pesquisa cl\u00ednica para o enfrentamento dos desafios sanit\u00e1rios contempor\u00e2neos e a promo\u00e7\u00e3o da sa\u00fade com equidade. Os participantes ressaltaram a dimens\u00e3o e a relev\u00e2ncia do trabalho da RFPC na constru\u00e7\u00e3o de redes e programas estrat\u00e9gicos, como o de vacinas. Estiveram presentes representantes do Minist\u00e9rio da Sa\u00fade e de parceiros externos, como a Iniciativa Medicamentos para Doen\u00e7as Negligenciadas (DNDi) e o Instituto de Higiene e Medicina Tropical da Universidade Nova de Lisboa.<\/p>\n<p>A mesa de abertura contou com as presen\u00e7as da vice-presidente de Pesquisa e Cole\u00e7\u00f5es Biol\u00f3gicas da Fiocruz, Alda Maria da Cruz, da coordenadora-executiva da RFPC, Marcela Gama, do coordenador da Plataforma de Pesquisa Cl\u00ednica da Vice-Presid\u00eancia de Pesquisa e Cole\u00e7\u00f5es Biol\u00f3gicas (VPPCB\/Fiocruz), Andr\u00e9 Daher, e da gestora do Departamento de Assuntos M\u00e9dicos, Estudos Cl\u00ednicos e Vigil\u00e2ncia P\u00f3s-Registro do Instituto de Tecnologia em Imunobiol\u00f3gicos (Bio-Manguinhos\/Fiocruz), Lurdinha Maia. A vice-presidente fez a palestra inicial.<\/p>\n<p>Abrindo o evento, realizado nos dias 16 e 17 de outubro, Alda Maria da Cruz abordou os planos estrat\u00e9gicos de pesquisa cl\u00ednica direcionados ao programa Brasil Saud\u00e1vel, iniciativa que integra esfor\u00e7os de pesquisa, inova\u00e7\u00e3o e pol\u00edticas p\u00fablicas. Alda destacou a miss\u00e3o da Fiocruz de promover sa\u00fade e desenvolvimento social, presente em 14 estados e com escrit\u00f3rios em Mo\u00e7ambique e Portugal.<\/p>\n<p>Ao assinalar os conceitos da OMS para reduzir a carga dos problemas de sa\u00fade p\u00fablica, ela lembrou que, desde a erradica\u00e7\u00e3o da var\u00edola nos anos 1980, se busca eliminar as doen\u00e7as negligenciadas e socialmente determinadas. No Brasil, o esfor\u00e7o se traduz na cria\u00e7\u00e3o do Comit\u00ea Interministerial, institu\u00eddo pelo Decreto 1.494\/2023, voltado \u00e0 formula\u00e7\u00e3o de estrat\u00e9gias integradas para elimina\u00e7\u00e3o de doen\u00e7as. Quanto a geografia das doen\u00e7as, ressaltou a sa\u00fade da popula\u00e7\u00e3o negra como um importante indicador.<\/p>\n<p>Entre os desafios, falou sobre o \u201csil\u00eancio epidemiol\u00f3gico\u201d da hansen\u00edase e a necessidade de avan\u00e7os em ferramentas e modelos de predi\u00e7\u00e3o. Ela destacou o papel dos estudos cl\u00ednicos na \u00e1rea e as a\u00e7\u00f5es junto aos movimentos sociais, especialmente nas campanhas para diagn\u00f3stico precoce da doen\u00e7a. Al\u00e9m dos estudos sobre a LepVax, vacina in\u00e9dita para hansen\u00edase, e a vacina contra esquistossomose, a Schistovac, que tem previs\u00e3o de estar dispon\u00edvel no SUS no final deste ano. Ambas as vacinas, voltadas para doen\u00e7as negligenciadas, tiveram os estudos cl\u00ednicos conduzidos por grupos da Fiocruz.<\/p>\n<p>Leia o <a href=\"https:\/\/agencia.fiocruz.br\/rede-fiocruz-de-pesquisa-clinica-debate-cooperacao-cientifica-e-desafios-sanitarios\" rel=\"nofollow noopener\" target=\"_blank\">texto completo na Ag\u00eancias Fiocruz de Not\u00edcias<\/a>.<\/p>\n<p>\u00a0<\/p>\n","protected":false},"excerpt":{"rendered":"Com mais de 800 inscritos, o XII Encontro da Rede Fiocruz de Pesquisa Cl\u00ednica (RFPC) destacou o papel&hellip;\n","protected":false},"author":2,"featured_media":125364,"comment_status":"","ping_status":"","sticky":false,"template":"","format":"standard","meta":{"footnotes":""},"categories":[86],"tags":[28809,28808,28806,116,13996,11211,32,33,28807,117],"class_list":{"0":"post-125363","1":"post","2":"type-post","3":"status-publish","4":"format-standard","5":"has-post-thumbnail","7":"category-saude","8":"tag-cooperacao-cientifica","9":"tag-desafios-sanitarios","10":"tag-encontro-rfpc","11":"tag-health","12":"tag-home-vppcb","13":"tag-pesquisa-clinica","14":"tag-portugal","15":"tag-pt","16":"tag-rfpc","17":"tag-saude"},"share_on_mastodon":{"url":"https:\/\/pubeurope.com\/@pt\/115432807628560096","error":""},"_links":{"self":[{"href":"https:\/\/www.europesays.com\/pt\/wp-json\/wp\/v2\/posts\/125363","targetHints":{"allow":["GET"]}}],"collection":[{"href":"https:\/\/www.europesays.com\/pt\/wp-json\/wp\/v2\/posts"}],"about":[{"href":"https:\/\/www.europesays.com\/pt\/wp-json\/wp\/v2\/types\/post"}],"author":[{"embeddable":true,"href":"https:\/\/www.europesays.com\/pt\/wp-json\/wp\/v2\/users\/2"}],"replies":[{"embeddable":true,"href":"https:\/\/www.europesays.com\/pt\/wp-json\/wp\/v2\/comments?post=125363"}],"version-history":[{"count":0,"href":"https:\/\/www.europesays.com\/pt\/wp-json\/wp\/v2\/posts\/125363\/revisions"}],"wp:featuredmedia":[{"embeddable":true,"href":"https:\/\/www.europesays.com\/pt\/wp-json\/wp\/v2\/media\/125364"}],"wp:attachment":[{"href":"https:\/\/www.europesays.com\/pt\/wp-json\/wp\/v2\/media?parent=125363"}],"wp:term":[{"taxonomy":"category","embeddable":true,"href":"https:\/\/www.europesays.com\/pt\/wp-json\/wp\/v2\/categories?post=125363"},{"taxonomy":"post_tag","embeddable":true,"href":"https:\/\/www.europesays.com\/pt\/wp-json\/wp\/v2\/tags?post=125363"}],"curies":[{"name":"wp","href":"https:\/\/api.w.org\/{rel}","templated":true}]}}