{"id":125373,"date":"2025-10-25T04:21:13","date_gmt":"2025-10-25T04:21:13","guid":{"rendered":"https:\/\/www.europesays.com\/pt\/125373\/"},"modified":"2025-10-25T04:21:13","modified_gmt":"2025-10-25T04:21:13","slug":"atriz-isabelle-tate-morre-aos-23-anos-chocado-com-a-noticia","status":"publish","type":"post","link":"https:\/\/www.europesays.com\/pt\/125373\/","title":{"rendered":"Atriz Isabelle Tate morre aos 23 anos: &#8220;Chocado com a not\u00edcia&#8221;"},"content":{"rendered":"<p>Isabelle Tate, atriz que entrou na s\u00e9rie &#8220;9-1-1: Nashville&#8221;, morreu aos 23 anos.<\/p>\n<p>A artista sofria de uma doen\u00e7a neuromuscular progressiva e rara chamada Charcot-Marie-Tooth, tendo sido essa a causa da morte.<\/p>\n<p>&#8220;A Isabelle era cheia de energia, uma lutadora, que nunca dava desculpas para o facto de poder ter uma defici\u00eancia em rela\u00e7\u00e3o aos outros&#8221;, pode ler-se no obitu\u00e1rio da atriz que lidava com a doen\u00e7a desde os 13 anos.<\/p>\n<p>Em declara\u00e7\u00f5es \u00e0 revista People, Hunter McVey, um dos atores da s\u00e9rie &#8220;9-1-1: Nashville&#8221;, afirmou: &#8220;Fiquei chocado com a not\u00edcia. Eu n\u00e3o conhecia a Isabelle antes das grava\u00e7\u00f5es, mas n\u00e3o poderia ter escolhido algu\u00e9m melhor para trabalhar num dos meus primeiros dias no set [&#8230;] Ela tinha uma energia incr\u00edvel.&#8221;<\/p>\n<blockquote class=\"instagram-media\" data-instgrm-captioned=\"\" data-instgrm-permalink=\"https:\/\/www.instagram.com\/p\/DQE4faCDeu7\/?utm_source=ig_embed&amp;utm_campaign=loading\" data-instgrm-version=\"14\" style=\" background:#FFF; border:0; border-radius:3px; box-shadow:0 0 1px 0 rgba(0,0,0,0.5),0 1px 10px 0 rgba(0,0,0,0.15); margin: 1px; max-width:540px; min-width:326px; padding:0; width:99.375%; width:-webkit-calc(100% - 2px); width:calc(100% - 2px);\">\n<\/blockquote>\n<p>\u00a0<\/p>\n<p>                        <script async src=\"\/\/www.instagram.com\/embed.js\"><\/script><\/p>\n","protected":false},"excerpt":{"rendered":"Isabelle Tate, atriz que entrou na s\u00e9rie &#8220;9-1-1: Nashville&#8221;, morreu aos 23 anos. A artista sofria de uma&hellip;\n","protected":false},"author":2,"featured_media":125374,"comment_status":"","ping_status":"","sticky":false,"template":"","format":"standard","meta":{"footnotes":""},"categories":[145],"tags":[28813,813,211,210,28814,21699,114,115,980,82,28598,7804,16628,32,33,1012],"class_list":{"0":"post-125373","1":"post","2":"type-post","3":"status-publish","4":"format-standard","5":"has-post-thumbnail","7":"category-celebridades","8":"tag-911-nashville","9":"tag-atriz","10":"tag-celebridades","11":"tag-celebrities","12":"tag-charcot-marie-tooth","13":"tag-doenca-rara","14":"tag-entertainment","15":"tag-entretenimento","16":"tag-famosos","17":"tag-internacional","18":"tag-isabelle-tate","19":"tag-morreu","20":"tag-mortes-2025","21":"tag-portugal","22":"tag-pt","23":"tag-selfie"},"share_on_mastodon":{"url":"https:\/\/pubeurope.com\/@pt\/115432894154528805","error":""},"_links":{"self":[{"href":"https:\/\/www.europesays.com\/pt\/wp-json\/wp\/v2\/posts\/125373","targetHints":{"allow":["GET"]}}],"collection":[{"href":"https:\/\/www.europesays.com\/pt\/wp-json\/wp\/v2\/posts"}],"about":[{"href":"https:\/\/www.europesays.com\/pt\/wp-json\/wp\/v2\/types\/post"}],"author":[{"embeddable":true,"href":"https:\/\/www.europesays.com\/pt\/wp-json\/wp\/v2\/users\/2"}],"replies":[{"embeddable":true,"href":"https:\/\/www.europesays.com\/pt\/wp-json\/wp\/v2\/comments?post=125373"}],"version-history":[{"count":0,"href":"https:\/\/www.europesays.com\/pt\/wp-json\/wp\/v2\/posts\/125373\/revisions"}],"wp:featuredmedia":[{"embeddable":true,"href":"https:\/\/www.europesays.com\/pt\/wp-json\/wp\/v2\/media\/125374"}],"wp:attachment":[{"href":"https:\/\/www.europesays.com\/pt\/wp-json\/wp\/v2\/media?parent=125373"}],"wp:term":[{"taxonomy":"category","embeddable":true,"href":"https:\/\/www.europesays.com\/pt\/wp-json\/wp\/v2\/categories?post=125373"},{"taxonomy":"post_tag","embeddable":true,"href":"https:\/\/www.europesays.com\/pt\/wp-json\/wp\/v2\/tags?post=125373"}],"curies":[{"name":"wp","href":"https:\/\/api.w.org\/{rel}","templated":true}]}}