{"id":125379,"date":"2025-10-25T04:41:18","date_gmt":"2025-10-25T04:41:18","guid":{"rendered":"https:\/\/www.europesays.com\/pt\/125379\/"},"modified":"2025-10-25T04:41:18","modified_gmt":"2025-10-25T04:41:18","slug":"nuno-gomes-e-pedro-ferreira-nao-estao-piores-preparados-que-um-comentador-desportivo","status":"publish","type":"post","link":"https:\/\/www.europesays.com\/pt\/125379\/","title":{"rendered":"\u00abNuno Gomes e Pedro Ferreira n\u00e3o est\u00e3o piores preparados que um comentador desportivo\u00bb"},"content":{"rendered":"<p>&#8211; Advertisement &#8211;<\/p>\n<p><strong>O Benfica vai a votos no s\u00e1bado e na noite desta quinta-feira realizou-se o debate entre todos os candidatos \u00e0 lideran\u00e7a do conjunto da Luz.<\/strong><\/p>\n<p>Durante esta quinta-feira realizou-se o debate entre todos os candidatos \u00e0 presid\u00eancia do Benfica: Rui Costa, Jo\u00e3o Noronha Lopes, Lu\u00eds Filipe Vieira, Jo\u00e3o Diogo Manteigas, Martim Mayer e Crist\u00f3v\u00e3o Carvalho. <\/p>\n<p>Jo\u00e3o Noronha Lopes deixou resposta a Rui Costa, que colocou em causa a capacidade dos elementos da estrutura do seu projeto:<\/p>\n<p>\u00abRui Costa foi diretor desportivo e vice-presidente, se n\u00e3o sabe o que fazem fico surpreendido. O Nuno Gomes e o Pedro Ferreira est\u00e3o preparad\u00edssimos. O Nuno Gomes saiu do Benfica pelo pr\u00f3prio p\u00e9 e teve a possibilidade de se formar, o Pedro Ferreira levou o Nottingham Forest \u00e0 Europa e podia ter continuado em Inglaterra. Voltam porque sentem que h\u00e1 projeto e v\u00eam com ganas de triunfar. Acho estranho que o seu diretor desportivo seja um antigo comentador desportivo. Nuno Gomes e Pedro Ferreira n\u00e3o est\u00e3o piores preparados que um comentador desportivo\u00bb.<\/p>\n<p>Podes ler o <a href=\"https:\/\/bolanarede.pt\/especial-bola-na-rede\/atualidade\/acompanha-o-debate-entre-os-candidatos-a-presidencia-do-benfica-em-direto-e-ao-minuto\/\" target=\"_blank\" rel=\"noreferrer noopener nofollow\">debate completo<\/a>.<\/p>\n","protected":false},"excerpt":{"rendered":"&#8211; Advertisement &#8211; O Benfica vai a votos no s\u00e1bado e na noite desta quinta-feira realizou-se o debate&hellip;\n","protected":false},"author":2,"featured_media":125380,"comment_status":"","ping_status":"","sticky":false,"template":"","format":"standard","meta":{"footnotes":""},"categories":[87],"tags":[260,51,135,32,479,33,134],"class_list":{"0":"post-125379","1":"post","2":"type-post","3":"status-publish","4":"format-standard","5":"has-post-thumbnail","7":"category-desporto","8":"tag-atualidade","9":"tag-benfica","10":"tag-desporto","11":"tag-portugal","12":"tag-primeira-liga","13":"tag-pt","14":"tag-sports"},"share_on_mastodon":{"url":"https:\/\/pubeurope.com\/@pt\/115432972775673179","error":""},"_links":{"self":[{"href":"https:\/\/www.europesays.com\/pt\/wp-json\/wp\/v2\/posts\/125379","targetHints":{"allow":["GET"]}}],"collection":[{"href":"https:\/\/www.europesays.com\/pt\/wp-json\/wp\/v2\/posts"}],"about":[{"href":"https:\/\/www.europesays.com\/pt\/wp-json\/wp\/v2\/types\/post"}],"author":[{"embeddable":true,"href":"https:\/\/www.europesays.com\/pt\/wp-json\/wp\/v2\/users\/2"}],"replies":[{"embeddable":true,"href":"https:\/\/www.europesays.com\/pt\/wp-json\/wp\/v2\/comments?post=125379"}],"version-history":[{"count":0,"href":"https:\/\/www.europesays.com\/pt\/wp-json\/wp\/v2\/posts\/125379\/revisions"}],"wp:featuredmedia":[{"embeddable":true,"href":"https:\/\/www.europesays.com\/pt\/wp-json\/wp\/v2\/media\/125380"}],"wp:attachment":[{"href":"https:\/\/www.europesays.com\/pt\/wp-json\/wp\/v2\/media?parent=125379"}],"wp:term":[{"taxonomy":"category","embeddable":true,"href":"https:\/\/www.europesays.com\/pt\/wp-json\/wp\/v2\/categories?post=125379"},{"taxonomy":"post_tag","embeddable":true,"href":"https:\/\/www.europesays.com\/pt\/wp-json\/wp\/v2\/tags?post=125379"}],"curies":[{"name":"wp","href":"https:\/\/api.w.org\/{rel}","templated":true}]}}